{"id":20098,"date":"2020-01-15T18:52:51","date_gmt":"2020-01-15T17:52:51","guid":{"rendered":"https:\/\/www.albergue-paradiso.com\/es\/?p=20098"},"modified":"2020-01-15T18:52:51","modified_gmt":"2020-01-15T17:52:51","slug":"curso-verano-karate-wado-ryu-en-cantabria","status":"publish","type":"post","link":"https:\/\/www.albergue-paradiso.com\/es\/curso-verano-karate-wado-ryu-en-cantabria\/","title":{"rendered":"Curso verano karate Wado-ryu"},"content":{"rendered":"<p><center><iframe src=\"https:\/\/www.youtube.com\/embed\/d7zVAWB-DqM\" allowfullscreen=\"allowfullscreen\" width=\"600\" height=\"300\" frameborder=\"0\"><\/iframe><\/center><br \/>\nYa est\u00e1 abierto el plazo de matr\u00edcula para el campamento o curso internacional de karate Wado Ryu que se lleva celebrando ya hace 38 a\u00f1os en Hinojedo, Suances, Cantabria. Organizado por el maestro Wim Massee 8\u00ba Dan primero durante duchos a\u00f1os con el gran maestro Tatsuo Suzuki y ahora tras su partida con los maestros Jon Wicks, 8\u00ba Dan, Joaquin Gonzalves 6\u00ba Dan y Wim Massee mismo como los alumnos m\u00e1s aventajados y leales al sensei Tatsuo Suzuki, fundador de la <a href=\"https:\/\/www.wikf.com\/\" title=\"Summer Karate Course Spain 2020\" target=\"_blank\" rel=\"noopener noreferrer\"> WIKF <\/a>(Wado International Karate-do Federation).<br \/>\nSi practicas karate Wado es un curso al que no puedas faltar. \u00a1Ap\u00fantate ya!<br \/>\nM\u00e1s info en:<\/p>\n<h2><center><a href=\"https:\/\/www.albergue-paradiso.com\/es\/karate-course\" title=\"Summer Karate Course Spain 2020\" target=\"_blank\" rel=\"noopener noreferrer\">https:\/\/www.albergue-paradiso.com\/es\/karate-course\/<\/a><\/center><\/h2>\n<p>&nbsp;<br \/>\n&nbsp;<\/p>\n","protected":false},"excerpt":{"rendered":"<p>Ya est\u00e1 abierto el plazo de matr\u00edcula para el campamento o curso internacional de karate [&hellip;]<\/p>\n","protected":false},"author":6,"featured_media":20095,"comment_status":"open","ping_status":"open","sticky":false,"template":"","format":"standard","meta":{"_joinchat":[],"footnotes":""},"categories":[7,6],"tags":[],"class_list":["post-20098","post","type-post","status-publish","format-standard","has-post-thumbnail","hentry","category-blog","category-wikf-spain-albergue-paradiso"],"acf":[],"yoast_head":"<!-- This site is optimized with the Yoast SEO plugin v27.4 - https:\/\/yoast.com\/product\/yoast-seo-wordpress\/ -->\n<title>Curso verano karate Wado-ryu en el Albergue Paradiso en Cantabria<\/title>\n<meta name=\"description\" content=\"Abierto el plazo matricula para el curso internacional de karate wado ryu organizado por el maestro Wim Massee en Hinojedo (Suances, Cantabria)\" \/>\n<meta name=\"robots\" content=\"index, follow, max-snippet:-1, max-image-preview:large, max-video-preview:-1\" \/>\n<link rel=\"canonical\" href=\"https:\/\/www.albergue-paradiso.com\/es\/curso-verano-karate-wado-ryu-en-cantabria\/\" \/>\n<meta property=\"og:locale\" content=\"es_ES\" \/>\n<meta property=\"og:type\" content=\"article\" \/>\n<meta property=\"og:title\" content=\"Curso verano karate Wado-ryu en el Albergue Paradiso en Cantabria\" \/>\n<meta property=\"og:description\" content=\"Abierto el plazo matricula para el curso internacional de karate wado ryu organizado por el maestro Wim Massee en Hinojedo (Suances, Cantabria)\" \/>\n<meta property=\"og:url\" content=\"https:\/\/www.albergue-paradiso.com\/es\/curso-verano-karate-wado-ryu-en-cantabria\/\" \/>\n<meta property=\"og:site_name\" content=\"Albergues en Cantabria | Hostel albergue Paradiso en Cantabria\" \/>\n<meta property=\"article:published_time\" content=\"2020-01-15T17:52:51+00:00\" \/>\n<meta property=\"og:image\" content=\"https:\/\/www.albergue-paradiso.com\/es\/wp-content\/uploads\/2020\/01\/foto-maestros-wim-jon-y-ton.jpg\" \/>\n\t<meta property=\"og:image:width\" content=\"600\" \/>\n\t<meta property=\"og:image:height\" content=\"448\" \/>\n\t<meta property=\"og:image:type\" content=\"image\/jpeg\" \/>\n<meta name=\"author\" content=\"AlbergueParadiso\" \/>\n<meta name=\"twitter:card\" content=\"summary_large_image\" \/>\n<meta name=\"twitter:label1\" content=\"Escrito por\" \/>\n\t<meta name=\"twitter:data1\" content=\"AlbergueParadiso\" \/>\n\t<meta name=\"twitter:label2\" content=\"Tiempo de lectura\" \/>\n\t<meta name=\"twitter:data2\" content=\"1 minuto\" \/>\n<script type=\"application\/ld+json\" class=\"yoast-schema-graph\">{\"@context\":\"https:\\\/\\\/schema.org\",\"@graph\":[{\"@type\":\"Article\",\"@id\":\"https:\\\/\\\/www.albergue-paradiso.com\\\/es\\\/curso-verano-karate-wado-ryu-en-cantabria\\\/#article\",\"isPartOf\":{\"@id\":\"https:\\\/\\\/www.albergue-paradiso.com\\\/es\\\/curso-verano-karate-wado-ryu-en-cantabria\\\/\"},\"author\":{\"name\":\"AlbergueParadiso\",\"@id\":\"https:\\\/\\\/www.albergue-paradiso.com\\\/es\\\/#\\\/schema\\\/person\\\/91e66c412387404553a7b7a2b9900c7c\"},\"headline\":\"Curso verano karate Wado-ryu\",\"datePublished\":\"2020-01-15T17:52:51+00:00\",\"mainEntityOfPage\":{\"@id\":\"https:\\\/\\\/www.albergue-paradiso.com\\\/es\\\/curso-verano-karate-wado-ryu-en-cantabria\\\/\"},\"wordCount\":117,\"commentCount\":0,\"image\":{\"@id\":\"https:\\\/\\\/www.albergue-paradiso.com\\\/es\\\/curso-verano-karate-wado-ryu-en-cantabria\\\/#primaryimage\"},\"thumbnailUrl\":\"https:\\\/\\\/www.albergue-paradiso.com\\\/es\\\/wp-content\\\/uploads\\\/2020\\\/01\\\/foto-maestros-wim-jon-y-ton.jpg\",\"articleSection\":[\"Blog\",\"WIKF Spain Albergue Paradiso\"],\"inLanguage\":\"es\",\"potentialAction\":[{\"@type\":\"CommentAction\",\"name\":\"Comment\",\"target\":[\"https:\\\/\\\/www.albergue-paradiso.com\\\/es\\\/curso-verano-karate-wado-ryu-en-cantabria\\\/#respond\"]}]},{\"@type\":\"WebPage\",\"@id\":\"https:\\\/\\\/www.albergue-paradiso.com\\\/es\\\/curso-verano-karate-wado-ryu-en-cantabria\\\/\",\"url\":\"https:\\\/\\\/www.albergue-paradiso.com\\\/es\\\/curso-verano-karate-wado-ryu-en-cantabria\\\/\",\"name\":\"Curso verano karate Wado-ryu en el Albergue Paradiso en Cantabria\",\"isPartOf\":{\"@id\":\"https:\\\/\\\/www.albergue-paradiso.com\\\/es\\\/#website\"},\"primaryImageOfPage\":{\"@id\":\"https:\\\/\\\/www.albergue-paradiso.com\\\/es\\\/curso-verano-karate-wado-ryu-en-cantabria\\\/#primaryimage\"},\"image\":{\"@id\":\"https:\\\/\\\/www.albergue-paradiso.com\\\/es\\\/curso-verano-karate-wado-ryu-en-cantabria\\\/#primaryimage\"},\"thumbnailUrl\":\"https:\\\/\\\/www.albergue-paradiso.com\\\/es\\\/wp-content\\\/uploads\\\/2020\\\/01\\\/foto-maestros-wim-jon-y-ton.jpg\",\"datePublished\":\"2020-01-15T17:52:51+00:00\",\"author\":{\"@id\":\"https:\\\/\\\/www.albergue-paradiso.com\\\/es\\\/#\\\/schema\\\/person\\\/91e66c412387404553a7b7a2b9900c7c\"},\"description\":\"Abierto el plazo matricula para el curso internacional de karate wado ryu organizado por el maestro Wim Massee en Hinojedo (Suances, Cantabria)\",\"breadcrumb\":{\"@id\":\"https:\\\/\\\/www.albergue-paradiso.com\\\/es\\\/curso-verano-karate-wado-ryu-en-cantabria\\\/#breadcrumb\"},\"inLanguage\":\"es\",\"potentialAction\":[{\"@type\":\"ReadAction\",\"target\":[\"https:\\\/\\\/www.albergue-paradiso.com\\\/es\\\/curso-verano-karate-wado-ryu-en-cantabria\\\/\"]}]},{\"@type\":\"ImageObject\",\"inLanguage\":\"es\",\"@id\":\"https:\\\/\\\/www.albergue-paradiso.com\\\/es\\\/curso-verano-karate-wado-ryu-en-cantabria\\\/#primaryimage\",\"url\":\"https:\\\/\\\/www.albergue-paradiso.com\\\/es\\\/wp-content\\\/uploads\\\/2020\\\/01\\\/foto-maestros-wim-jon-y-ton.jpg\",\"contentUrl\":\"https:\\\/\\\/www.albergue-paradiso.com\\\/es\\\/wp-content\\\/uploads\\\/2020\\\/01\\\/foto-maestros-wim-jon-y-ton.jpg\",\"width\":600,\"height\":448},{\"@type\":\"BreadcrumbList\",\"@id\":\"https:\\\/\\\/www.albergue-paradiso.com\\\/es\\\/curso-verano-karate-wado-ryu-en-cantabria\\\/#breadcrumb\",\"itemListElement\":[{\"@type\":\"ListItem\",\"position\":1,\"name\":\"Portada\",\"item\":\"https:\\\/\\\/www.albergue-paradiso.com\\\/es\\\/\"},{\"@type\":\"ListItem\",\"position\":2,\"name\":\"Curso verano karate Wado-ryu\"}]},{\"@type\":\"WebSite\",\"@id\":\"https:\\\/\\\/www.albergue-paradiso.com\\\/es\\\/#website\",\"url\":\"https:\\\/\\\/www.albergue-paradiso.com\\\/es\\\/\",\"name\":\"Albergues en Cantabria | Hostel albergue Paradiso en Cantabria\",\"description\":\"\",\"potentialAction\":[{\"@type\":\"SearchAction\",\"target\":{\"@type\":\"EntryPoint\",\"urlTemplate\":\"https:\\\/\\\/www.albergue-paradiso.com\\\/es\\\/?s={search_term_string}\"},\"query-input\":{\"@type\":\"PropertyValueSpecification\",\"valueRequired\":true,\"valueName\":\"search_term_string\"}}],\"inLanguage\":\"es\"},{\"@type\":\"Person\",\"@id\":\"https:\\\/\\\/www.albergue-paradiso.com\\\/es\\\/#\\\/schema\\\/person\\\/91e66c412387404553a7b7a2b9900c7c\",\"name\":\"AlbergueParadiso\",\"image\":{\"@type\":\"ImageObject\",\"inLanguage\":\"es\",\"@id\":\"https:\\\/\\\/secure.gravatar.com\\\/avatar\\\/12e52cdfe36102abe38445518ee28e3658cc1281f47e8296818974173ee002a4?s=96&d=mm&r=g\",\"url\":\"https:\\\/\\\/secure.gravatar.com\\\/avatar\\\/12e52cdfe36102abe38445518ee28e3658cc1281f47e8296818974173ee002a4?s=96&d=mm&r=g\",\"contentUrl\":\"https:\\\/\\\/secure.gravatar.com\\\/avatar\\\/12e52cdfe36102abe38445518ee28e3658cc1281f47e8296818974173ee002a4?s=96&d=mm&r=g\",\"caption\":\"AlbergueParadiso\"}}]}<\/script>\n<!-- \/ Yoast SEO plugin. -->","yoast_head_json":{"title":"Curso verano karate Wado-ryu en el Albergue Paradiso en Cantabria","description":"Abierto el plazo matricula para el curso internacional de karate wado ryu organizado por el maestro Wim Massee en Hinojedo (Suances, Cantabria)","robots":{"index":"index","follow":"follow","max-snippet":"max-snippet:-1","max-image-preview":"max-image-preview:large","max-video-preview":"max-video-preview:-1"},"canonical":"https:\/\/www.albergue-paradiso.com\/es\/curso-verano-karate-wado-ryu-en-cantabria\/","og_locale":"es_ES","og_type":"article","og_title":"Curso verano karate Wado-ryu en el Albergue Paradiso en Cantabria","og_description":"Abierto el plazo matricula para el curso internacional de karate wado ryu organizado por el maestro Wim Massee en Hinojedo (Suances, Cantabria)","og_url":"https:\/\/www.albergue-paradiso.com\/es\/curso-verano-karate-wado-ryu-en-cantabria\/","og_site_name":"Albergues en Cantabria | Hostel albergue Paradiso en Cantabria","article_published_time":"2020-01-15T17:52:51+00:00","og_image":[{"width":600,"height":448,"url":"https:\/\/www.albergue-paradiso.com\/es\/wp-content\/uploads\/2020\/01\/foto-maestros-wim-jon-y-ton.jpg","type":"image\/jpeg"}],"author":"AlbergueParadiso","twitter_card":"summary_large_image","twitter_misc":{"Escrito por":"AlbergueParadiso","Tiempo de lectura":"1 minuto"},"schema":{"@context":"https:\/\/schema.org","@graph":[{"@type":"Article","@id":"https:\/\/www.albergue-paradiso.com\/es\/curso-verano-karate-wado-ryu-en-cantabria\/#article","isPartOf":{"@id":"https:\/\/www.albergue-paradiso.com\/es\/curso-verano-karate-wado-ryu-en-cantabria\/"},"author":{"name":"AlbergueParadiso","@id":"https:\/\/www.albergue-paradiso.com\/es\/#\/schema\/person\/91e66c412387404553a7b7a2b9900c7c"},"headline":"Curso verano karate Wado-ryu","datePublished":"2020-01-15T17:52:51+00:00","mainEntityOfPage":{"@id":"https:\/\/www.albergue-paradiso.com\/es\/curso-verano-karate-wado-ryu-en-cantabria\/"},"wordCount":117,"commentCount":0,"image":{"@id":"https:\/\/www.albergue-paradiso.com\/es\/curso-verano-karate-wado-ryu-en-cantabria\/#primaryimage"},"thumbnailUrl":"https:\/\/www.albergue-paradiso.com\/es\/wp-content\/uploads\/2020\/01\/foto-maestros-wim-jon-y-ton.jpg","articleSection":["Blog","WIKF Spain Albergue Paradiso"],"inLanguage":"es","potentialAction":[{"@type":"CommentAction","name":"Comment","target":["https:\/\/www.albergue-paradiso.com\/es\/curso-verano-karate-wado-ryu-en-cantabria\/#respond"]}]},{"@type":"WebPage","@id":"https:\/\/www.albergue-paradiso.com\/es\/curso-verano-karate-wado-ryu-en-cantabria\/","url":"https:\/\/www.albergue-paradiso.com\/es\/curso-verano-karate-wado-ryu-en-cantabria\/","name":"Curso verano karate Wado-ryu en el Albergue Paradiso en Cantabria","isPartOf":{"@id":"https:\/\/www.albergue-paradiso.com\/es\/#website"},"primaryImageOfPage":{"@id":"https:\/\/www.albergue-paradiso.com\/es\/curso-verano-karate-wado-ryu-en-cantabria\/#primaryimage"},"image":{"@id":"https:\/\/www.albergue-paradiso.com\/es\/curso-verano-karate-wado-ryu-en-cantabria\/#primaryimage"},"thumbnailUrl":"https:\/\/www.albergue-paradiso.com\/es\/wp-content\/uploads\/2020\/01\/foto-maestros-wim-jon-y-ton.jpg","datePublished":"2020-01-15T17:52:51+00:00","author":{"@id":"https:\/\/www.albergue-paradiso.com\/es\/#\/schema\/person\/91e66c412387404553a7b7a2b9900c7c"},"description":"Abierto el plazo matricula para el curso internacional de karate wado ryu organizado por el maestro Wim Massee en Hinojedo (Suances, Cantabria)","breadcrumb":{"@id":"https:\/\/www.albergue-paradiso.com\/es\/curso-verano-karate-wado-ryu-en-cantabria\/#breadcrumb"},"inLanguage":"es","potentialAction":[{"@type":"ReadAction","target":["https:\/\/www.albergue-paradiso.com\/es\/curso-verano-karate-wado-ryu-en-cantabria\/"]}]},{"@type":"ImageObject","inLanguage":"es","@id":"https:\/\/www.albergue-paradiso.com\/es\/curso-verano-karate-wado-ryu-en-cantabria\/#primaryimage","url":"https:\/\/www.albergue-paradiso.com\/es\/wp-content\/uploads\/2020\/01\/foto-maestros-wim-jon-y-ton.jpg","contentUrl":"https:\/\/www.albergue-paradiso.com\/es\/wp-content\/uploads\/2020\/01\/foto-maestros-wim-jon-y-ton.jpg","width":600,"height":448},{"@type":"BreadcrumbList","@id":"https:\/\/www.albergue-paradiso.com\/es\/curso-verano-karate-wado-ryu-en-cantabria\/#breadcrumb","itemListElement":[{"@type":"ListItem","position":1,"name":"Portada","item":"https:\/\/www.albergue-paradiso.com\/es\/"},{"@type":"ListItem","position":2,"name":"Curso verano karate Wado-ryu"}]},{"@type":"WebSite","@id":"https:\/\/www.albergue-paradiso.com\/es\/#website","url":"https:\/\/www.albergue-paradiso.com\/es\/","name":"Albergues en Cantabria | Hostel albergue Paradiso en Cantabria","description":"","potentialAction":[{"@type":"SearchAction","target":{"@type":"EntryPoint","urlTemplate":"https:\/\/www.albergue-paradiso.com\/es\/?s={search_term_string}"},"query-input":{"@type":"PropertyValueSpecification","valueRequired":true,"valueName":"search_term_string"}}],"inLanguage":"es"},{"@type":"Person","@id":"https:\/\/www.albergue-paradiso.com\/es\/#\/schema\/person\/91e66c412387404553a7b7a2b9900c7c","name":"AlbergueParadiso","image":{"@type":"ImageObject","inLanguage":"es","@id":"https:\/\/secure.gravatar.com\/avatar\/12e52cdfe36102abe38445518ee28e3658cc1281f47e8296818974173ee002a4?s=96&d=mm&r=g","url":"https:\/\/secure.gravatar.com\/avatar\/12e52cdfe36102abe38445518ee28e3658cc1281f47e8296818974173ee002a4?s=96&d=mm&r=g","contentUrl":"https:\/\/secure.gravatar.com\/avatar\/12e52cdfe36102abe38445518ee28e3658cc1281f47e8296818974173ee002a4?s=96&d=mm&r=g","caption":"AlbergueParadiso"}}]}},"_links":{"self":[{"href":"https:\/\/www.albergue-paradiso.com\/es\/wp-json\/wp\/v2\/posts\/20098","targetHints":{"allow":["GET"]}}],"collection":[{"href":"https:\/\/www.albergue-paradiso.com\/es\/wp-json\/wp\/v2\/posts"}],"about":[{"href":"https:\/\/www.albergue-paradiso.com\/es\/wp-json\/wp\/v2\/types\/post"}],"author":[{"embeddable":true,"href":"https:\/\/www.albergue-paradiso.com\/es\/wp-json\/wp\/v2\/users\/6"}],"replies":[{"embeddable":true,"href":"https:\/\/www.albergue-paradiso.com\/es\/wp-json\/wp\/v2\/comments?post=20098"}],"version-history":[{"count":0,"href":"https:\/\/www.albergue-paradiso.com\/es\/wp-json\/wp\/v2\/posts\/20098\/revisions"}],"wp:featuredmedia":[{"embeddable":true,"href":"https:\/\/www.albergue-paradiso.com\/es\/wp-json\/wp\/v2\/media\/20095"}],"wp:attachment":[{"href":"https:\/\/www.albergue-paradiso.com\/es\/wp-json\/wp\/v2\/media?parent=20098"}],"wp:term":[{"taxonomy":"category","embeddable":true,"href":"https:\/\/www.albergue-paradiso.com\/es\/wp-json\/wp\/v2\/categories?post=20098"},{"taxonomy":"post_tag","embeddable":true,"href":"https:\/\/www.albergue-paradiso.com\/es\/wp-json\/wp\/v2\/tags?post=20098"}],"curies":[{"name":"wp","href":"https:\/\/api.w.org\/{rel}","templated":true}]}}