{"id":19483,"date":"2019-11-02T19:34:35","date_gmt":"2019-11-02T18:34:35","guid":{"rendered":"https:\/\/www.albergue-paradiso.com\/es\/?p=19483"},"modified":"2023-09-07T12:04:05","modified_gmt":"2023-09-07T12:04:05","slug":"autocosumo-en-cantabria","status":"publish","type":"post","link":"https:\/\/www.albergue-paradiso.com\/es\/autocosumo-en-cantabria\/","title":{"rendered":"Autocosumo en Cantabria"},"content":{"rendered":"<p>Desde albergue Paradiso llevamos tiempo apostando por un <a href=\"https:\/\/www.albergue-paradiso.com\/es\/turismo-sostenible-en-cantabria\/\" target=\"_blank\" rel=\"noopener noreferrer\"><strong>TURISMO SOSTENIBLE<\/strong><\/a>. Y estamos contribuyendo a potenciar el autoconsumo en Cantabria. Os queremos explicar lo que es.<\/p>\n<p>Tras varias asistencias a jornadas sobre el <strong>AUTOCONSUMO<\/strong> creemos firmemente que es la soluci\u00f3n y supone una aut\u00e9ntica <strong>revoluci\u00f3n energ\u00e9tica, la RED DE LA ENERGIA: la TERCERA REVOLUCION INDUSTRIAL<\/strong> (el autor <a href=\"https:\/\/www.albergue-paradiso.com\/es\/turismo-sostenible-en-cantabria\/\" target=\"_blank\" rel=\"noopener noreferrer\">Jeremy Rifkin<\/a> ya lo describe en sus obras \u201cla civilizaci\u00f3n emp\u00e1tica\u201d o \u00abla tercera revoluci\u00f3n industrial\u00bb). En un futuro muy pr\u00f3ximo, gracias al autoconsumo, compartiremos los excedentes de energ\u00eda como si de una gran red se tratara:<\/p>\n<p><center><img decoding=\"async\" src=\"https:\/\/www.albergue-paradiso.com\/es\/wp-content\/uploads\/2023\/09\/RED-de-la-energia.jpg\" alt=\"autoconsumo en cantabria. Compartir la energ\u00eda\" class=\"img-fluid\" \/><\/center><br \/>\nGracias a la <em>nueva reglamentaci\u00f3n en el marco normativo<\/em> del autoconsumo se abre un nuevo mundo y nuevas oportunidades de negocio en Espa\u00f1a (un claro ejemplo, como un cambio de gobierno, un cambio de pol\u00edtica, puede paralizar una soluci\u00f3n y completamente a un sector tan importante). El Albergue Paradiso est\u00e1 activamente comprometido con el autoconsumo en Cantabria.<\/p>\n<p><u><strong>C\u00f3mo el autoconsumo impulsa la sostenibilidad<\/strong><\/u>:<\/p>\n<p>Contribuyamos a un turismo sostenible y a un autoconsumo en Cantabria.<\/p>\n<ul>\n<li>Reduce las emisiones de gases de efecto invernadero.<\/li>\n<li>Abarata el precio del mercado el\u00e9ctrico.<\/li>\n<li>Apoya la transici\u00f3n energ\u00e9tica limpia.<\/li>\n<li>Promueve un modelo de distribuci\u00f3n local y la electrificaci\u00f3n de la movilidad.<\/li>\n<li>Genera empleo.<\/li>\n<li>Transforma actuales sumideros de energ\u00eda en generadores de renovables sin emisiones.<\/li>\n<\/ul>\n<p><center><img decoding=\"async\" src=\"https:\/\/www.albergue-paradiso.com\/es\/wp-content\/uploads\/2023\/09\/energias-renovables-cantabria.jpg\" alt=\"energ\u00edas renovables y autoconsumo en cantabria\" class=\"img-fluid\" \/><\/center><\/p>\n<h2><strong>\u00bfQu\u00e9 es el autoconsumo? El autoconsumo en Cantabria<\/strong><\/h2>\n<p>Se trata de dimensionar, optimizar e instalar una planta de generaci\u00f3n a partir de paneles solares fotovoltaicos en cubierta o solar cercano, que suministre parte de la energ\u00eda el\u00e9ctrica necesaria y sin apenas generaci\u00f3n de excedente, ni vertido a la red.<br \/>\nSe trata de aplicar por fin la <strong>generaci\u00f3n distribuida<\/strong> en toda su extensi\u00f3n y la mejor soluci\u00f3n para resultar sostenibles y comprometidos con la actual transici\u00f3n ecol\u00f3gica en marcha.<\/p>\n<h2><strong>Argumentos para el autoconsumo<\/strong>.<\/h2>\n<ul>\n<li>Favorece el Desarrollo Sostenible, necesario para abordar con responsabilidad el cambio clim\u00e1tico pues se base en energ\u00eda limpia e inagotable que no genera emisiones CO2 a la atmosfera.<\/li>\n<li>Rentable desde el inicio, pues reduce el impacto en la factura el\u00e9ctrica desde su puesta en marcha.<\/li>\n<li>R\u00e1pida amortizaci\u00f3n de la inversi\u00f3n.<\/li>\n<li>Autogesti\u00f3n f\u00e1cil y sencilla de tu energ\u00eda, alcanzando autonom\u00eda en el suministro.<\/li>\n<li>Revaloriza tu propiedad, al incorporarle una instalaci\u00f3n de autoconsumo fotovoltaico de elevada vida \u00fatil.<\/li>\n<li>Mejora la competitividad de las empresas, al reducir los costes de producci\u00f3n como consecuencia de la reducci\u00f3n de la factura el\u00e9ctrica.<\/li>\n<li>Alta durabilidad y fiabilidad de la instalaci\u00f3n, adem\u00e1s de muy bajo coste de mantenimiento.<\/li>\n<\/ul>\n<h2><strong>Potencia instalada de autoconsumo fotovoltaico en Espa\u00f1a<\/strong><\/h2>\n<p>Seg\u00fan la estimaci\u00f3n APPA, desde 21 MW que se instalaron en el 2015, a 51MW en el 2016, 101MW en el 2017 y 165 MW en el 2018. En el a\u00f1o 2019 es previsible que se cierre con unos 350 o 400 MW nuevos de autoconsumo FV.<br \/>\nEl futuro dise\u00f1o de las tarifas el\u00e9ctricas ser\u00e1 clave para el desarrollo del sector.<br \/>\nEn el desarrollo actual, los retornos de la inversi\u00f3n a cierta escala son de 6 u 8 a\u00f1os.<br \/>\nEl sector industrial es el que mayor actividad presenta en la actualidad.<br \/>\nEl nivel de electrificaci\u00f3n de la industria o residencia es la CLAVE para amortizar las instalaciones.<\/p>\n<h2><strong>\u00bfC\u00f3mo est\u00e1 actualmente regulado el autoconsumo en Espa\u00f1a?<\/strong><\/h2>\n<p>Estas son las principales legislaciones:<\/p>\n<p><u><em><strong>Ley 24\/2013 del sector el\u00e9ctrico<\/strong><\/em><\/u>. Esta ley con su llamado \u201cimpuesto al Sol\u201d paraliz\u00f3 completamente el desarrollo del sector de producci\u00f3n energ\u00e9tica por este m\u00e9todo as\u00ed como el autoconsumo.<\/p>\n<p><u><em><strong>Real Decreto-ley 15\/2018 medidas urgentes para la transici\u00f3n energ\u00e9tica y la protecci\u00f3n de los consumidores<\/strong><\/em><\/u>. Esta trajo diez puntos clave:<\/p>\n<ul>\n<li><strong>Simplifica las modalidades de autoconsumo<\/strong>:<br \/>\n&#8211; <em><strong>Sin excedentes<\/strong><\/em> ni vertido a red y con un solo sujeto (el consumidor).<br \/>\n&#8211; <em><strong>Con excedentes<\/strong><\/em> vertido a red y con dos sujetos (el consumidor y el productor).<\/li>\n<li><strong>Elimina el impuesto sobre la energ\u00eda autoconsumida <\/strong>(\u201cimpuesto al sol\u201d). Solo los excedentes producidos por las instalaciones de autoconsumo deben pagar los peajes que correspondan por el uso de la red de distribuci\u00f3n.<\/li>\n<li><strong>Prev\u00e9 el necesario desarrollo reglamentario del concepto de \u201cinstalaciones pr\u00f3ximas\u201d a efectos de autoconsumo<\/strong>.<\/li>\n<li><strong>Reconoce el autoconsumo colectivo<\/strong>.<\/li>\n<li><strong>Simplifica los tr\u00e1mites administrativos para instalaciones de hasta 100kw<\/strong>.<\/li>\n<li><strong>Crea el registro administrativo de autoconsumo de energ\u00eda el\u00e9ctrica en el Ministerio para la Transici\u00f3n Ecol\u00f3gica<\/strong>. Ser\u00e1 telem\u00e1tico, declarativo y de acceso gratuito.<\/li>\n<li><strong>La CCAA (comunidades aut\u00f3nomas) podr\u00e1n crear y gestionar sus propios registros administrativos de autoconsumo<\/strong>. Nosotros queremos fomentar el autoconsumo en Cantabria.<\/li>\n<li><strong>Prev\u00e9 el mecanismo de compensaci\u00f3n simplificada<\/strong>.<\/li>\n<li><strong>Permite instalar m\u00e1s potencia que la contratada<\/strong>. Fomento del uso de las bater\u00edas y modalidades con excedentes.<\/li>\n<li><strong>Modifica infracciones y sanciones relacionadas con autoconsumo <\/strong>(que en la anterior ley eran bestiales). La sanci\u00f3n m\u00e1xima ser\u00e1 la mayor de entre las dos cuant\u00edas siguientes: el 10% de la facturaci\u00f3n anual por consumo de energ\u00eda el\u00e9ctrica o el 10% de la facturaci\u00f3n por la energ\u00eda vertida a la red\u201d.<\/li>\n<\/ul>\n<p><strong>Tras este real Decreto-ley 15\/2018<\/strong>:<br \/>\n&#8211; Concurrencia de la situaci\u00f3n de extraordinaria y urgente necesidad para la implementaci\u00f3n del Real Decreto-ley.<br \/>\n&#8211; Habilitaci\u00f3n al Gobierno para desarrollar reglamentariamente lo previsto en el Real Decreto-ley en el plazo de tres meses desde su entrada en vigor (6 de Octubre de 2018).<br \/>\n&#8211; Propuesta de Real Decreto por el que se regulan las condiciones administrativas, t\u00e9cnicas y econ\u00f3micas del autoconsumo.<br \/>\n&#8211; Fin del periodo de fase de alegaciones p\u00fablicas al d\u00eda 8 de febrero de 2019.<br \/>\n&#8211; Entrada en vigor del RD 244\/2019 de 5 de abril de 2019 por el que se regulan las condiciones administrativas, t\u00e9cnicas y econ\u00f3micas del autoconsumo de energ\u00eda el\u00e9ctrica.<\/p>\n<p><u><em><strong>Real Decreto 244\/2019 por el que se regulan las condiciones administrativas, t\u00e9cnicas y econ\u00f3micas del autoconsumo de energ\u00eda el\u00e9ctrica<\/strong><\/em><\/u>. Tras este Real Decreto se abre un mundo de posibilidad reales para el autoconsumo y una soluci\u00f3n para la sostenibilidad debido a los siguientes cambios que introduce este nuevo Real Decreto:<\/p>\n<ul>\n<li><strong>Autoconsumo renovable LIBRE de todo tipo de cargas y peajes<\/strong>.<\/li>\n<li><strong>Desaparece el segundo contador<\/strong>.<\/li>\n<li><strong>EXENTOS de tr\u00e1mite de acceso y conexi\u00f3n: SIN excedentes o hasta 15 KW<\/strong>.<\/li>\n<li><strong>Se elimina el l\u00edmite hasta 100KW y el l\u00edmite de la potencia contratada por el consumidor<\/strong>.<\/li>\n<li><strong>Registro de la instalaci\u00f3n de OFICIO por CCAA para instalaciones en 8T hasta 100KW<\/strong>.<\/li>\n<li><strong>Mecanismo de compensaci\u00f3n de saldos y posibilidad de bater\u00edas<\/strong>.<\/li>\n<li><strong>Adem\u00e1s a red de distribuci\u00f3n hasta CT, 500m o misma Referencia Catastral<\/strong>.<\/li>\n<li><strong>Se permite autoconsumo colectivo<\/strong>.<\/li>\n<\/ul>\n<h2><strong>\u00bfQu\u00e9 se entiende por instalaci\u00f3n de producci\u00f3n pr\u00f3xima?<\/strong><\/h2>\n<p>Se consideran instalaciones de producci\u00f3n pr\u00f3ximas a las de consumo y asociadas a los consumidores las que cumplan alguno de los siguientes requisitos:<\/p>\n<ul>\n<li>Est\u00e9n conectadas a la red interior de los consumidores asociados o est\u00e9n unidas a trav\u00e9s de l\u00edneas directas.<\/li>\n<li>Est\u00e9n conectadas a la red de baja tensi\u00f3n derivada del mismo centro de transformaci\u00f3n.<\/li>\n<li>Se encuentren conectados, tanto generaci\u00f3n como los consumos, en baja tensi\u00f3n y auna distancia inferior entre ellos a 500m (entre los equipos de medida en su proyecci\u00f3n ortogonal).<\/li>\n<li>Tanto generaci\u00f3n como consumos est\u00e9n ubicados en una misma referencia catastral seg\u00fan los primeros 14 digitos.<\/li>\n<\/ul>\n<h2><strong>\u00bfCu\u00e1les son las modalidades de autoconsumo?<\/strong><\/h2>\n<ul>\n<li><u><strong>Autoconsumo individual<\/strong><\/u>: un consumidor asociado a una instalaci\u00f3n de producci\u00f3n pr\u00f3xima.<\/li>\n<li><u><strong>Autoconsumo colectivo<\/strong><\/u>: varios consumidores que se alimentan de energ\u00eda el\u00e9ctrica que proviene de instalaciones de producci\u00f3n pr\u00f3ximas y asociadas a los mismos.<\/li>\n<\/ul>\n<ul>\n<li>Todos los consumidores participantes que se encuentren asociados a las mismas instalaciones de generaci\u00f3n tendr\u00e1n que participar siempre de la misma modalidad de generaci\u00f3n.<\/li>\n<li>Obligaci\u00f3n de permanencia en la misma modalidad durante un m\u00ednimo de 1 a\u00f1o.<\/li>\n<li>Responsabilidad solidaria (sin excedentes).<\/li>\n<li>Posibilidad de compartir la energ\u00eda (sin excedentes).<\/li>\n<\/ul>\n<h2><strong> Autoconsumo sin excedentes.<\/strong><\/h2>\n<ul>\n<li>Existe un \u00fanico sujeto: el consumidor.<\/li>\n<li>Obligaci\u00f3n de instalar sistema antivertido que impida la inyecci\u00f3n de la energ\u00eda excedentaria a la red.<\/li>\n<li>La instalaci\u00f3n de producci\u00f3n no necesita permiso de acceso y conexi\u00f3n a la red ni presentaci\u00f3n de avales y garant\u00edas para conexi\u00f3n.<\/li>\n<li>No necesario CTA especifico.<\/li>\n<li>Inscripci\u00f3n en Registros de Autoconsumo, no inscripciones en la RAIPRE.<\/li>\n<\/ul>\n<h2><strong>Autoconsumo con excedentes.<\/strong><\/h2>\n<ul>\n<li>Dos tipos de sujetos: el consumidor y el productor.<\/li>\n<li>Puede inyectar energ\u00eda excedentaria a la red.<\/li>\n<li>Responsabilidad solidaria productor\/consumidor.<\/li>\n<\/ul>\n<p>Modalidades de autoconsumo con excedentes:<\/p>\n<ul>\n<li><strong>Acogido a compensaci\u00f3n<\/strong>:<br \/>\n&#8211; El consumidor y el productor optan voluntariamente por acogerse a un sistema de compensaci\u00f3n de excedentes.<br \/>\n&#8211; Potencia total de las instalaciones de producci\u00f3n inferior o igual a 100 KW.<br \/>\n&#8211; \u00danico contrato de suministro para el consumo asociado y para los consumos auxiliares con la empresa comercializadora.<br \/>\n&#8211; El consumidor y el productor hayan suscrito un contrato de compensaci\u00f3n de excedentes.<br \/>\n&#8211; La instalaci\u00f3n de producci\u00f3n no tenga otorgado un r\u00e9gimen retributivo adicional especifico<\/li>\n<\/ul>\n<ul>\n<li><strong>No acogido a compensaci\u00f3n<\/strong>:<br \/>\n&#8211; El consumidor y el productor no optan por acogerse a un sistema de compensaci\u00f3n de excedentes o no cumplen los requisitos para ello.<br \/>\n&#8211; Se vierte a la red y se VENDE la energ\u00eda excedentaria.<br \/>\n&#8211; Posibilidad de un \u00fanico contrato de suministro para el consumo asociado y para los consumos auxiliares con la empresa comercializadora.<br \/>\n&#8211; Liquidaci\u00f3n energ\u00eda el\u00e9ctrica horaria vertida \u2013 normativa general.<\/li>\n<\/ul>\n<h2><strong>Destinatarios del autoconsumo.<\/strong><\/h2>\n<ul>\n<li><strong>Vivienda Unifamiliar<\/strong>. Con una inversi\u00f3n de hasta 6.000 \u20ac amortizable en 10 a\u00f1os y con una tasa de retorno del 6%. Podemos ahorrarnos un 30%.<\/li>\n<li><strong>PYME<\/strong>: con una inversi\u00f3n media de 90.000 \u20ac amortizable en 6 a\u00f1os. Objetivo: satisfacer la mitad de las necesidades.<\/li>\n<li><strong>Edificios verticales<\/strong>. Para cubrir la demanda de servicios comunes. La propiedad le corresponde a la comunidad de vecinos. Mejor colocaci\u00f3n de paneles: sureste, suroeste y sur.<\/li>\n<\/ul>\n<h2><strong>Energ\u00eda verde<\/strong>.<\/h2>\n<p>Actualmente existen adem\u00e1s <a href=\"https:\/\/aldrozero.es\/\" target=\"_blank\" rel=\"noopener noreferrer\">comercializadoras<\/a> que ofrecen energ\u00eda verde, energ\u00eda proveniente 100% de <a href=\"https:\/\/www.albergue-paradiso.com\/es\/albergue-paradiso-comprometido-con-las-energias-renovables\/\">energ\u00edas renovables<\/a>: sol, viento, agua, mareas, etc.<br \/>\nSi consumes energ\u00eda verde en tu hogar puedes disminuir notablemente tu huella de carbono: en un consumo de hogar medio de 3,5 MWh\/a\u00f1o con un factor de emisi\u00f3n de 0,4t CO2\/KWh podemos reducir anualmente 1.400t CO2 a la atmosfera. Seg\u00fan con qu\u00e9 comercializadora se contrate, el coste de esta energ\u00eda verde tiene un precio u otro, a\u00fan as\u00ed el coste de pasarse al verde en un hogar supondr\u00e1 un coste a\u00f1adido entre 1,75 y 3 \u20ac al a\u00f1o; es decir, poco m\u00e1s de lo que vale un caf\u00e9 y podemos ahorarle por hogar medio 1.400 toneladas de CO2 a la atmosfera; merece mucho la pena \u00bfno? y eso sin instalar nada, solamente contratando energ\u00eda verde.<\/p>\n<h2><strong>Ayudas para el autoconsumo en Cantabria<\/strong>.<\/h2>\n<p>La necesidad de ayudas para el autoconsumo en Cantabria es evidente: l produci\u00f3n anual en Sevilla es un 405 superior que en Cantabria por lo que para una misma inversi\u00f3n hay una amortizaci\u00f3n m\u00e1s tard\u00eda en Cantabria.<br \/>\nLas <a href=\"https:\/\/dgicc.cantabria.es\/detalle\/-\/journal_content\/56_INSTANCE_DETALLE\/16626\/3813171\" target=\"_blank\" rel=\"noopener noreferrer\"><strong>subvenciones<\/strong><\/a> a actuaciones de energ\u00edas renovables y ahorro y eficiencia energ\u00e9tica en Cantabria, son las siguientes:<\/p>\n<ul>\n<li><strong>Energ\u00edas Renovables<\/strong>:<br \/>\na- Solar t\u00e9rmica de baja temperatura<br \/>\nb- Solar fotovoltaica<br \/>\nc- Minie\u00f3lica<br \/>\nd- Biomasa t\u00e9rmica<br \/>\ne- Geotermia<\/li>\n<li><strong>Ahorro y eficiencia energ\u00e9tica<\/strong>:<br \/>\nf- Renovaci\u00f3n de iluminaci\u00f3n por LED y sistemas de control y regulaci\u00f3n<br \/>\ng- Puntos de recarga de veh\u00edculos el\u00e9ctricos<br \/>\nh- Microgeneraci\u00f3n<\/li>\n<\/ul>\n<p><strong>Respecto a las ayudas a la <u>SOLAR FOTOVOLTAICA<\/u><\/strong>:<br \/>\nConversi\u00f3n de energ\u00eda solar en energ\u00eda el\u00e9ctrica mediante sistemas fotovoltaicos, SIN potencia m\u00e1xima de la instalaci\u00f3n. Las partidas elegibles pueden ser: m\u00f3dulos fotovoltaicos, bater\u00edas, reguladores, convertidores, sistemas de monitorizaci\u00f3n y\/o telegesti\u00f3n, tendidos el\u00e9ctricos y conexiones, obra civil, montaje y puesta en marcha.<br \/>\nLos costes de referencia en la convocatoria 2019 fueron:<\/p>\n<ul>\n<li>Para una potencia P\u22645 KWp, 2.500 \u20ac\/KWp (sin IVA)<\/li>\n<li>Para una potencia 5&lt;P\u226420 kWp, 2.750-50xp \u20ac\/KWp (sin IVA)<\/li>\n<li>Para potencia P&gt;20 KWp, 1.800-5xp \u20ac\/KWp (sin IVA)<\/li>\n<li>Para bater\u00edas de litio, 750 \u20ac\/KWh acumulaci\u00f3n (sin IVA)<\/li>\n<li>Para resto de bater\u00edas (monoblock, opz, gel, etc), 200 \u20ac\/KWh acumulaci\u00f3n (sin IVA)<\/li>\n<\/ul>\n<p><strong>La Documentaci\u00f3n que se ha de presentar es la siguiente<\/strong>:<\/p>\n<ul>\n<li>Solicitud.<\/li>\n<li>Declaraci\u00f3n responsable.<\/li>\n<li>Breve memoria descriptiva.<\/li>\n<li>Facturas justificativas.<\/li>\n<li>Lista con relaci\u00f3n numerada de facturas.<\/li>\n<li>Justificantes de pago de facturas.<\/li>\n<li>Otra documentaci\u00f3n: contrato leasing, documento de constituci\u00f3n y poder representante de empresa, contrato\/acuerdo con ESE, etc.<\/li>\n<\/ul>\n<p><strong>R\u00e9gimen y procedimiento de la concesi\u00f3n<\/strong>:<\/p>\n<ul>\n<li>Concurrencia competitiva, seg\u00fan Ley 10\/2006 de Subvenciones de Cantabria.<\/li>\n<li>Prelaci\u00f3n temporal hasta agotamiento de presupuesto.<\/li>\n<li>Reglamento ayudas de minimis (en caso de empresa): una empresa puede recibir subvenciones, ayudas, etc por importe m\u00e1ximo de 200.000 \u20ac durante 3 a\u00f1os (15.000 \u20ac en sector agr\u00edcola; 30.000 \u20ac en sector pesca y acuicultura).<\/li>\n<li>Incompatibilidad con otras subvenciones, ayudas, etc del Gobierno de Cantabria, sus organismos aut\u00f3nomos y entidades p\u00fablicas empresariales.<\/li>\n<\/ul>\n<p>Ya tienes toda la informaci\u00f3n para unirte al autoconsumo en Cantabria.<\/p>\n<h2><strong>Resumen PASOS PARA AUTOCONSUMO (caso particulares)<\/strong>.<\/h2>\n<p>Para una instalaci\u00f3n en vivienda particular (suelo urbano) con potencia &lt;10 KW:<\/p>\n<ul>\n<li>Decidir modalidad: con o sin excedentes, vertido cero&#8230;<\/li>\n<li>No necesario permisos de acceso y conexi\u00f3n, ni aval.<\/li>\n<li>Se dispone de contador bidireccional, medida ok.<\/li>\n<li>Ejecuci\u00f3n de la instalaci\u00f3n. Certificado REBT (bolet\u00edn).<\/li>\n<li>La CCAA comunica a la empresa distribuidora los cambios en el contrato de acceso.<\/li>\n<li>Solicitar compensaci\u00f3n de excedentes (ser\u00eda lo m\u00e1s usual) en su procedimiento simplificado.<\/li>\n<\/ul>\n<h2><strong>Tramitaci\u00f3n instalaciones fotovoltaicas en Cantabria previo a la ejecuci\u00f3n de la CSF<\/strong><\/h2>\n<p>1. Definir tipo de instalaci\u00f3n: potencia y CON\/SIN excedentes (sin excedentes es m\u00e1s sencillo). Para ello:<\/p>\n<ul>\n<li>Considerar consumo (y su perfil)\/BIE de la vivienda\/potencia contratada; esto puede condicionar la elecci\u00f3n de la potencia.<\/li>\n<li>Evaluar los excedentes; en este caso solo se contempla la compensaci\u00f3n.<\/li>\n<\/ul>\n<p>La potencia de la CSF determina su tramitaci\u00f3n:<\/p>\n<ul>\n<li>Suelo urbano y P&lt;=15KW: exentas de permiso de acceso y conexi\u00f3n y de avales<\/li>\n<li>Suelo no urbano y P&lt;=10KW: no exentas de permiso de acceso y conexi\u00f3n pero exentas de avales<\/li>\n<li>Suelo urbano y P&gt;15KW: no exentas de permiso de acceso y conexi\u00f3n y de avales (40 \u20ac\/KW)<\/li>\n<li>Suelo no urbano y P&gt;10KW: no exentas de permiso de acceso y conexi\u00f3n y de avales (40 \u20ac\/KW)<\/li>\n<li>Documentaci\u00f3n t\u00e9cnica:P&lt;=10KW: presentar memoria t\u00e9cnica. Para P&gt;10KW presentar proyecto t\u00e9cnico<\/li>\n<\/ul>\n<p>2. Licencia de Obras: consultar con el Ayuntamiento los tr\u00e1mites; posibles discrepancias; es obra menor.<br \/>\n3. Otras licencias:<\/p>\n<ul>\n<li>Ambiental y UP: no aplica en el \u00e1mbito dom\u00e9stico; depende de la CCAA<\/li>\n<li>Autorizaci\u00f3n administrativa previa y de construcci\u00f3n: exenta para P&lt;=100KW<\/li>\n<\/ul>\n<h2><strong>Tramitaci\u00f3n instalaciones fotovoltaicas en Cantabria tras la ejecuci\u00f3n de la CSF<\/strong><\/h2>\n<p>1. Documentaci\u00f3n fin de obra:<br \/>\nSeg\u00fan la potencia de la CSF:<\/p>\n<ul>\n<li>P&lt;=10KW: certificado de instalaci\u00f3n (junto con la memoria t\u00e9cnica)<\/li>\n<li>P&gt;10KW: D.O. y certificado de instalaci\u00f3n (junto con el proyecto)<\/li>\n<\/ul>\n<p>2. Inspecci\u00f3n inicial y peri\u00f3dicas (OCA): en funci\u00f3n de la potencia y tipo de instalaci\u00f3n.<br \/>\n3. Autorizaci\u00f3n explotaci\u00f3n; si P&gt;10KW<br \/>\n4. Contrato de acceso; exentos si P&lt;=100KW se comunica modificaci\u00f3n contrato a trav\u00e9s de la CCAA.<br \/>\n5. Licencia de actividad; exentas (las acogidas a compensaci\u00f3n).<br \/>\n6. Contrato de compensaci\u00f3n de excedentes. Modelo sencillo a enviar a la distribuidora o comercializadora.<br \/>\n7. Otros tr\u00e1mites (inscripci\u00f3n registros); de oficio por las CCAA.<br \/>\nLas instalaciones conectadas en AT tienen una tramitaci\u00f3n m\u00e1s compleja.<\/p>\n<h2><strong>Procedimiento de Tramitaci\u00f3n DGI (Direcci\u00f3n General de Industria) en Cantabria<\/strong><\/h2>\n<p>Una vez dise\u00f1ada y ejecutada la instalaci\u00f3n, para la puesta en servicio se seguir\u00e1 el procedimiento habitual de registro de instalaciones el\u00e9ctricas en baja tensi\u00f3n no industriales, aportando la siguiente documentaci\u00f3n:<\/p>\n<ul>\n<li>Memoria t\u00e9cnica de dise\u00f1o seg\u00fan modelo establecido para instalaciones de potencia &lt;=10KW o proyecto firmado por t\u00e9cnico titulado competente para instalaciones de potencia superior a 10KW; en el caso de instalaciones fotovoltaicas, la potencia instalada ser\u00e1 la potencia m\u00e1xima del inversor o, en su caso, la suma de las potencias m\u00e1ximas de los inversores.<\/li>\n<li>Certificado de instalaci\u00f3n el\u00e9ctricas emitido por empresa instaladora seg\u00fan establecido; en su cumplimentaci\u00f3n deber\u00e1 reflejarse en la casilla de uso al que destina la instalaci\u00f3n, el tipo de tecnolog\u00eda generadora (fotovoltaica, minie\u00f3lica,&#8230;) y la modalidad de autoconsumo que corresponda (con o sin excedentes), as\u00ed como el uso de la instalaci\u00f3n a la que se conecta. La direcci\u00f3n del emplazamiento ser\u00e1 la correspondiente a la instalaci\u00f3n a la que se conecta. La casilla de potencia m\u00e1xima admisible deber\u00e1 indicar la potencia m\u00e1xima del inversor o ,en su caso, la suma de las potencias m\u00e1ximas de los inversores.<\/li>\n<li>Certificado de direcci\u00f3n de obra, para instalaci\u00f3n que requieran proyecto (&gt;10 KW); suscrito por t\u00e9cnico facultativo competente, seg\u00fan modelo establecido.<\/li>\n<li>Declaraci\u00f3nes UE de conformidad en espa\u00f1ol del fabricante de los inversores.<\/li>\n<li>Documentaci\u00f3n requerida para la evaluaci\u00f3n de la comunidad del sistema que impide el vertido de energ\u00eda a la red (esquema b\u00e1sico del sistema, caracterizaci\u00f3n de los equipos, descripci\u00f3n de funcionamiento, informe de los ensayos realizados&#8230;).<\/li>\n<li>Certificado de inspecci\u00f3n inicial con calificaci\u00f3n de resultado favorable emitido por Organismo de Control cuando proceda (para instalaciones de generaci\u00f3n a la intemperie de potencia superior a 25 KW).<\/li>\n<li>Hoja de comunicaci\u00f3n de datos para inscripci\u00f3n en el registro administrativo de autoconsumo de energ\u00eda el\u00e9ctrica.<\/li>\n<\/ul>\n","protected":false},"excerpt":{"rendered":"<p>La tercera Revoluci\u00f3n industrial: el internet de la energ\u00eda; autocosumo para la sostenibilidad.<\/p>\n","protected":false},"author":6,"featured_media":19522,"comment_status":"open","ping_status":"open","sticky":false,"template":"","format":"standard","meta":{"_joinchat":[],"footnotes":""},"categories":[7],"tags":[96,81,97,87],"class_list":["post-19483","post","type-post","status-publish","format-standard","has-post-thumbnail","hentry","category-blog","tag-autoconsumo","tag-energias-renovables","tag-fotovoltaicos","tag-sostenibilidad"],"acf":[],"yoast_head":"<!-- This site is optimized with the Yoast SEO plugin v27.4 - https:\/\/yoast.com\/product\/yoast-seo-wordpress\/ -->\n<title>Autoconsumo en Cantabria | Compartir la energ\u00eda que nos sobra<\/title>\n<meta name=\"description\" content=\"El autoconsumo en Cantabria es posible y puede suponer la tercera revoluci\u00f3n industrial: el internet de la energ\u00eda. Compartiremos la energ\u00eda que nos sobra\" \/>\n<meta name=\"robots\" content=\"index, follow, max-snippet:-1, max-image-preview:large, max-video-preview:-1\" \/>\n<link rel=\"canonical\" href=\"https:\/\/www.albergue-paradiso.com\/es\/autocosumo-en-cantabria\/\" \/>\n<meta property=\"og:locale\" content=\"es_ES\" \/>\n<meta property=\"og:type\" content=\"article\" \/>\n<meta property=\"og:title\" content=\"Autoconsumo en Cantabria | Compartir la energ\u00eda que nos sobra\" \/>\n<meta property=\"og:description\" content=\"El autoconsumo en Cantabria es posible y puede suponer la tercera revoluci\u00f3n industrial: el internet de la energ\u00eda. Compartiremos la energ\u00eda que nos sobra\" \/>\n<meta property=\"og:url\" content=\"https:\/\/www.albergue-paradiso.com\/es\/autocosumo-en-cantabria\/\" \/>\n<meta property=\"og:site_name\" content=\"Albergues en Cantabria | Hostel albergue Paradiso en Cantabria\" \/>\n<meta property=\"article:published_time\" content=\"2019-11-02T18:34:35+00:00\" \/>\n<meta property=\"article:modified_time\" content=\"2023-09-07T12:04:05+00:00\" \/>\n<meta property=\"og:image\" content=\"https:\/\/www.albergue-paradiso.com\/es\/wp-content\/uploads\/2019\/11\/energias-renovables-cantabria-1.jpg\" \/>\n\t<meta property=\"og:image:width\" content=\"600\" \/>\n\t<meta property=\"og:image:height\" content=\"308\" \/>\n\t<meta property=\"og:image:type\" content=\"image\/jpeg\" \/>\n<meta name=\"author\" content=\"AlbergueParadiso\" \/>\n<meta name=\"twitter:card\" content=\"summary_large_image\" \/>\n<meta name=\"twitter:label1\" content=\"Escrito por\" \/>\n\t<meta name=\"twitter:data1\" content=\"AlbergueParadiso\" \/>\n\t<meta name=\"twitter:label2\" content=\"Tiempo de lectura\" \/>\n\t<meta name=\"twitter:data2\" content=\"13 minutos\" \/>\n<script type=\"application\/ld+json\" class=\"yoast-schema-graph\">{\"@context\":\"https:\\\/\\\/schema.org\",\"@graph\":[{\"@type\":\"Article\",\"@id\":\"https:\\\/\\\/www.albergue-paradiso.com\\\/es\\\/autocosumo-en-cantabria\\\/#article\",\"isPartOf\":{\"@id\":\"https:\\\/\\\/www.albergue-paradiso.com\\\/es\\\/autocosumo-en-cantabria\\\/\"},\"author\":{\"name\":\"AlbergueParadiso\",\"@id\":\"https:\\\/\\\/www.albergue-paradiso.com\\\/es\\\/#\\\/schema\\\/person\\\/91e66c412387404553a7b7a2b9900c7c\"},\"headline\":\"Autocosumo en Cantabria\",\"datePublished\":\"2019-11-02T18:34:35+00:00\",\"dateModified\":\"2023-09-07T12:04:05+00:00\",\"mainEntityOfPage\":{\"@id\":\"https:\\\/\\\/www.albergue-paradiso.com\\\/es\\\/autocosumo-en-cantabria\\\/\"},\"wordCount\":2993,\"commentCount\":0,\"image\":{\"@id\":\"https:\\\/\\\/www.albergue-paradiso.com\\\/es\\\/autocosumo-en-cantabria\\\/#primaryimage\"},\"thumbnailUrl\":\"https:\\\/\\\/www.albergue-paradiso.com\\\/es\\\/wp-content\\\/uploads\\\/2019\\\/11\\\/energias-renovables-cantabria-1.jpg\",\"keywords\":[\"autoconsumo\",\"energ\u00edas renovables\",\"fotovoltaicos\",\"sostenibilidad\"],\"articleSection\":[\"Blog\"],\"inLanguage\":\"es\",\"potentialAction\":[{\"@type\":\"CommentAction\",\"name\":\"Comment\",\"target\":[\"https:\\\/\\\/www.albergue-paradiso.com\\\/es\\\/autocosumo-en-cantabria\\\/#respond\"]}]},{\"@type\":\"WebPage\",\"@id\":\"https:\\\/\\\/www.albergue-paradiso.com\\\/es\\\/autocosumo-en-cantabria\\\/\",\"url\":\"https:\\\/\\\/www.albergue-paradiso.com\\\/es\\\/autocosumo-en-cantabria\\\/\",\"name\":\"Autoconsumo en Cantabria | Compartir la energ\u00eda que nos sobra\",\"isPartOf\":{\"@id\":\"https:\\\/\\\/www.albergue-paradiso.com\\\/es\\\/#website\"},\"primaryImageOfPage\":{\"@id\":\"https:\\\/\\\/www.albergue-paradiso.com\\\/es\\\/autocosumo-en-cantabria\\\/#primaryimage\"},\"image\":{\"@id\":\"https:\\\/\\\/www.albergue-paradiso.com\\\/es\\\/autocosumo-en-cantabria\\\/#primaryimage\"},\"thumbnailUrl\":\"https:\\\/\\\/www.albergue-paradiso.com\\\/es\\\/wp-content\\\/uploads\\\/2019\\\/11\\\/energias-renovables-cantabria-1.jpg\",\"datePublished\":\"2019-11-02T18:34:35+00:00\",\"dateModified\":\"2023-09-07T12:04:05+00:00\",\"author\":{\"@id\":\"https:\\\/\\\/www.albergue-paradiso.com\\\/es\\\/#\\\/schema\\\/person\\\/91e66c412387404553a7b7a2b9900c7c\"},\"description\":\"El autoconsumo en Cantabria es posible y puede suponer la tercera revoluci\u00f3n industrial: el internet de la energ\u00eda. Compartiremos la energ\u00eda que nos sobra\",\"breadcrumb\":{\"@id\":\"https:\\\/\\\/www.albergue-paradiso.com\\\/es\\\/autocosumo-en-cantabria\\\/#breadcrumb\"},\"inLanguage\":\"es\",\"potentialAction\":[{\"@type\":\"ReadAction\",\"target\":[\"https:\\\/\\\/www.albergue-paradiso.com\\\/es\\\/autocosumo-en-cantabria\\\/\"]}]},{\"@type\":\"ImageObject\",\"inLanguage\":\"es\",\"@id\":\"https:\\\/\\\/www.albergue-paradiso.com\\\/es\\\/autocosumo-en-cantabria\\\/#primaryimage\",\"url\":\"https:\\\/\\\/www.albergue-paradiso.com\\\/es\\\/wp-content\\\/uploads\\\/2019\\\/11\\\/energias-renovables-cantabria-1.jpg\",\"contentUrl\":\"https:\\\/\\\/www.albergue-paradiso.com\\\/es\\\/wp-content\\\/uploads\\\/2019\\\/11\\\/energias-renovables-cantabria-1.jpg\",\"width\":600,\"height\":308,\"caption\":\"energ\u00edas renovables cantabria\"},{\"@type\":\"BreadcrumbList\",\"@id\":\"https:\\\/\\\/www.albergue-paradiso.com\\\/es\\\/autocosumo-en-cantabria\\\/#breadcrumb\",\"itemListElement\":[{\"@type\":\"ListItem\",\"position\":1,\"name\":\"Portada\",\"item\":\"https:\\\/\\\/www.albergue-paradiso.com\\\/es\\\/\"},{\"@type\":\"ListItem\",\"position\":2,\"name\":\"Autocosumo en Cantabria\"}]},{\"@type\":\"WebSite\",\"@id\":\"https:\\\/\\\/www.albergue-paradiso.com\\\/es\\\/#website\",\"url\":\"https:\\\/\\\/www.albergue-paradiso.com\\\/es\\\/\",\"name\":\"Albergues en Cantabria | Hostel albergue Paradiso en Cantabria\",\"description\":\"\",\"potentialAction\":[{\"@type\":\"SearchAction\",\"target\":{\"@type\":\"EntryPoint\",\"urlTemplate\":\"https:\\\/\\\/www.albergue-paradiso.com\\\/es\\\/?s={search_term_string}\"},\"query-input\":{\"@type\":\"PropertyValueSpecification\",\"valueRequired\":true,\"valueName\":\"search_term_string\"}}],\"inLanguage\":\"es\"},{\"@type\":\"Person\",\"@id\":\"https:\\\/\\\/www.albergue-paradiso.com\\\/es\\\/#\\\/schema\\\/person\\\/91e66c412387404553a7b7a2b9900c7c\",\"name\":\"AlbergueParadiso\",\"image\":{\"@type\":\"ImageObject\",\"inLanguage\":\"es\",\"@id\":\"https:\\\/\\\/secure.gravatar.com\\\/avatar\\\/12e52cdfe36102abe38445518ee28e3658cc1281f47e8296818974173ee002a4?s=96&d=mm&r=g\",\"url\":\"https:\\\/\\\/secure.gravatar.com\\\/avatar\\\/12e52cdfe36102abe38445518ee28e3658cc1281f47e8296818974173ee002a4?s=96&d=mm&r=g\",\"contentUrl\":\"https:\\\/\\\/secure.gravatar.com\\\/avatar\\\/12e52cdfe36102abe38445518ee28e3658cc1281f47e8296818974173ee002a4?s=96&d=mm&r=g\",\"caption\":\"AlbergueParadiso\"}}]}<\/script>\n<!-- \/ Yoast SEO plugin. -->","yoast_head_json":{"title":"Autoconsumo en Cantabria | Compartir la energ\u00eda que nos sobra","description":"El autoconsumo en Cantabria es posible y puede suponer la tercera revoluci\u00f3n industrial: el internet de la energ\u00eda. Compartiremos la energ\u00eda que nos sobra","robots":{"index":"index","follow":"follow","max-snippet":"max-snippet:-1","max-image-preview":"max-image-preview:large","max-video-preview":"max-video-preview:-1"},"canonical":"https:\/\/www.albergue-paradiso.com\/es\/autocosumo-en-cantabria\/","og_locale":"es_ES","og_type":"article","og_title":"Autoconsumo en Cantabria | Compartir la energ\u00eda que nos sobra","og_description":"El autoconsumo en Cantabria es posible y puede suponer la tercera revoluci\u00f3n industrial: el internet de la energ\u00eda. Compartiremos la energ\u00eda que nos sobra","og_url":"https:\/\/www.albergue-paradiso.com\/es\/autocosumo-en-cantabria\/","og_site_name":"Albergues en Cantabria | Hostel albergue Paradiso en Cantabria","article_published_time":"2019-11-02T18:34:35+00:00","article_modified_time":"2023-09-07T12:04:05+00:00","og_image":[{"width":600,"height":308,"url":"https:\/\/www.albergue-paradiso.com\/es\/wp-content\/uploads\/2019\/11\/energias-renovables-cantabria-1.jpg","type":"image\/jpeg"}],"author":"AlbergueParadiso","twitter_card":"summary_large_image","twitter_misc":{"Escrito por":"AlbergueParadiso","Tiempo de lectura":"13 minutos"},"schema":{"@context":"https:\/\/schema.org","@graph":[{"@type":"Article","@id":"https:\/\/www.albergue-paradiso.com\/es\/autocosumo-en-cantabria\/#article","isPartOf":{"@id":"https:\/\/www.albergue-paradiso.com\/es\/autocosumo-en-cantabria\/"},"author":{"name":"AlbergueParadiso","@id":"https:\/\/www.albergue-paradiso.com\/es\/#\/schema\/person\/91e66c412387404553a7b7a2b9900c7c"},"headline":"Autocosumo en Cantabria","datePublished":"2019-11-02T18:34:35+00:00","dateModified":"2023-09-07T12:04:05+00:00","mainEntityOfPage":{"@id":"https:\/\/www.albergue-paradiso.com\/es\/autocosumo-en-cantabria\/"},"wordCount":2993,"commentCount":0,"image":{"@id":"https:\/\/www.albergue-paradiso.com\/es\/autocosumo-en-cantabria\/#primaryimage"},"thumbnailUrl":"https:\/\/www.albergue-paradiso.com\/es\/wp-content\/uploads\/2019\/11\/energias-renovables-cantabria-1.jpg","keywords":["autoconsumo","energ\u00edas renovables","fotovoltaicos","sostenibilidad"],"articleSection":["Blog"],"inLanguage":"es","potentialAction":[{"@type":"CommentAction","name":"Comment","target":["https:\/\/www.albergue-paradiso.com\/es\/autocosumo-en-cantabria\/#respond"]}]},{"@type":"WebPage","@id":"https:\/\/www.albergue-paradiso.com\/es\/autocosumo-en-cantabria\/","url":"https:\/\/www.albergue-paradiso.com\/es\/autocosumo-en-cantabria\/","name":"Autoconsumo en Cantabria | Compartir la energ\u00eda que nos sobra","isPartOf":{"@id":"https:\/\/www.albergue-paradiso.com\/es\/#website"},"primaryImageOfPage":{"@id":"https:\/\/www.albergue-paradiso.com\/es\/autocosumo-en-cantabria\/#primaryimage"},"image":{"@id":"https:\/\/www.albergue-paradiso.com\/es\/autocosumo-en-cantabria\/#primaryimage"},"thumbnailUrl":"https:\/\/www.albergue-paradiso.com\/es\/wp-content\/uploads\/2019\/11\/energias-renovables-cantabria-1.jpg","datePublished":"2019-11-02T18:34:35+00:00","dateModified":"2023-09-07T12:04:05+00:00","author":{"@id":"https:\/\/www.albergue-paradiso.com\/es\/#\/schema\/person\/91e66c412387404553a7b7a2b9900c7c"},"description":"El autoconsumo en Cantabria es posible y puede suponer la tercera revoluci\u00f3n industrial: el internet de la energ\u00eda. Compartiremos la energ\u00eda que nos sobra","breadcrumb":{"@id":"https:\/\/www.albergue-paradiso.com\/es\/autocosumo-en-cantabria\/#breadcrumb"},"inLanguage":"es","potentialAction":[{"@type":"ReadAction","target":["https:\/\/www.albergue-paradiso.com\/es\/autocosumo-en-cantabria\/"]}]},{"@type":"ImageObject","inLanguage":"es","@id":"https:\/\/www.albergue-paradiso.com\/es\/autocosumo-en-cantabria\/#primaryimage","url":"https:\/\/www.albergue-paradiso.com\/es\/wp-content\/uploads\/2019\/11\/energias-renovables-cantabria-1.jpg","contentUrl":"https:\/\/www.albergue-paradiso.com\/es\/wp-content\/uploads\/2019\/11\/energias-renovables-cantabria-1.jpg","width":600,"height":308,"caption":"energ\u00edas renovables cantabria"},{"@type":"BreadcrumbList","@id":"https:\/\/www.albergue-paradiso.com\/es\/autocosumo-en-cantabria\/#breadcrumb","itemListElement":[{"@type":"ListItem","position":1,"name":"Portada","item":"https:\/\/www.albergue-paradiso.com\/es\/"},{"@type":"ListItem","position":2,"name":"Autocosumo en Cantabria"}]},{"@type":"WebSite","@id":"https:\/\/www.albergue-paradiso.com\/es\/#website","url":"https:\/\/www.albergue-paradiso.com\/es\/","name":"Albergues en Cantabria | Hostel albergue Paradiso en Cantabria","description":"","potentialAction":[{"@type":"SearchAction","target":{"@type":"EntryPoint","urlTemplate":"https:\/\/www.albergue-paradiso.com\/es\/?s={search_term_string}"},"query-input":{"@type":"PropertyValueSpecification","valueRequired":true,"valueName":"search_term_string"}}],"inLanguage":"es"},{"@type":"Person","@id":"https:\/\/www.albergue-paradiso.com\/es\/#\/schema\/person\/91e66c412387404553a7b7a2b9900c7c","name":"AlbergueParadiso","image":{"@type":"ImageObject","inLanguage":"es","@id":"https:\/\/secure.gravatar.com\/avatar\/12e52cdfe36102abe38445518ee28e3658cc1281f47e8296818974173ee002a4?s=96&d=mm&r=g","url":"https:\/\/secure.gravatar.com\/avatar\/12e52cdfe36102abe38445518ee28e3658cc1281f47e8296818974173ee002a4?s=96&d=mm&r=g","contentUrl":"https:\/\/secure.gravatar.com\/avatar\/12e52cdfe36102abe38445518ee28e3658cc1281f47e8296818974173ee002a4?s=96&d=mm&r=g","caption":"AlbergueParadiso"}}]}},"_links":{"self":[{"href":"https:\/\/www.albergue-paradiso.com\/es\/wp-json\/wp\/v2\/posts\/19483","targetHints":{"allow":["GET"]}}],"collection":[{"href":"https:\/\/www.albergue-paradiso.com\/es\/wp-json\/wp\/v2\/posts"}],"about":[{"href":"https:\/\/www.albergue-paradiso.com\/es\/wp-json\/wp\/v2\/types\/post"}],"author":[{"embeddable":true,"href":"https:\/\/www.albergue-paradiso.com\/es\/wp-json\/wp\/v2\/users\/6"}],"replies":[{"embeddable":true,"href":"https:\/\/www.albergue-paradiso.com\/es\/wp-json\/wp\/v2\/comments?post=19483"}],"version-history":[{"count":2,"href":"https:\/\/www.albergue-paradiso.com\/es\/wp-json\/wp\/v2\/posts\/19483\/revisions"}],"predecessor-version":[{"id":30009,"href":"https:\/\/www.albergue-paradiso.com\/es\/wp-json\/wp\/v2\/posts\/19483\/revisions\/30009"}],"wp:featuredmedia":[{"embeddable":true,"href":"https:\/\/www.albergue-paradiso.com\/es\/wp-json\/wp\/v2\/media\/19522"}],"wp:attachment":[{"href":"https:\/\/www.albergue-paradiso.com\/es\/wp-json\/wp\/v2\/media?parent=19483"}],"wp:term":[{"taxonomy":"category","embeddable":true,"href":"https:\/\/www.albergue-paradiso.com\/es\/wp-json\/wp\/v2\/categories?post=19483"},{"taxonomy":"post_tag","embeddable":true,"href":"https:\/\/www.albergue-paradiso.com\/es\/wp-json\/wp\/v2\/tags?post=19483"}],"curies":[{"name":"wp","href":"https:\/\/api.w.org\/{rel}","templated":true}]}}