{"id":13567,"date":"2017-12-15T21:48:05","date_gmt":"2017-12-15T20:48:05","guid":{"rendered":"https:\/\/www.albergue-paradiso.com\/es\/?p=13567"},"modified":"2026-03-03T08:25:31","modified_gmt":"2026-03-03T08:25:31","slug":"el-albergue-paradiso-instala-dos-puntos-de-carga-de-vehiculos-electricos-en-suances","status":"publish","type":"post","link":"https:\/\/www.albergue-paradiso.com\/es\/el-albergue-paradiso-instala-dos-puntos-de-carga-de-vehiculos-electricos-en-suances\/","title":{"rendered":"El Albergue Paradiso instala puntos de carga de veh\u00edculos el\u00e9ctricos en Suances"},"content":{"rendered":"<div class=\"row\">\n    <div class=\"col-md-6\">\n        <a href=\"https:\/\/wenea.com\/localizador-de-estaciones-de-carga\/\" rel=\"noopener noreferrer\" target=\"_blank\"><img decoding=\"async\" src=\"https:\/\/www.albergue-paradiso.com\/es\/wp-content\/uploads\/2023\/05\/supercargador-webb.jpg\" alt=\"punto de carga coches el\u00e9ctricos\" class=\"img-fluid\"><\/a><\/div>\n    <div class=\"col-md-6\">\n        <a href=\"https:\/\/wenea.com\/localizador-de-estaciones-de-carga\/\" rel=\"noopener noreferrer\" target=\"_blank\"><img decoding=\"async\" src=\"https:\/\/www.albergue-paradiso.com\/es\/wp-content\/uploads\/2023\/05\/supercargador-web.jpg\" alt=\"super cargador coches el\u00e9ctricos\" class=\"img-fluid\"><\/a><\/div>\n<\/div>\n<div class=\"row text-center py-2\">\n<div class=\"col-md-12\">\n<a href=\"https:\/\/map.electromaps.com\/es\/\" rel=\"noopener noreferrer\" target=\"_blank\"><img decoding=\"async\" src=\"https:\/\/www.albergue-paradiso.com\/es\/wp-content\/uploads\/2018\/03\/icono-web-punto-carga-elect.jpg\" alt=\"punto de carga coches el\u00e9ctricos albergue en cantabria\" class=\"img-fluid\"><\/a><\/div>\n<\/div>\n<h2 class=\"py-3\">TARIFAS: Nuestra gesti\u00f3n de los puntos de carga el\u00e9ctricos<\/h2>\n<p><strong>Puedes consultar las disponibilidad, los detalles del punto y la tarifa totalmente ONLINE<\/strong> y cargar desde las aplicaciones: <strong>TOTAL ENERGIES<\/strong> introcuciendo tu tarjeta de cr\u00e9dito o siendo usario habitual de Total Energies con tu tarjeta o llavero: <a href=\"https:\/\/chargingservices.totalenergies.com\/es\/find-a-charger\"><strong>https:\/\/chargingservices.totalenergies.com\/es\/find-a-charger\/<\/strong><\/a>.<br \/>\nDisponemos tambi\u00e9n de un SUPERCARGADOR con el que en tan solo 15 min. pueden cargar la bater\u00eda de tu veh\u00edculo el\u00e9ctrico.<br \/>\nAdem\u00e1s para los empleados de Hostel albergue Paradiso hay cargadores gratuitos especiales con una velocidad de carga es semir\u00e1pida con la clavija socket mennekes tipo 2 con una corriente de salida entre 6-32A y una potencia de salida por toma entre 1,4-22 kW (la bater\u00eda de 33 kW de un BMW i3 por ejemplo se carga 100% en alrededor de 3 horas). Con el supercargador de TotalEnergies puedes cargar el coche entre 50-100 KW con el conector CCS o combo y CHAdeMO; El BMW i3 se carga en 15 min.<br \/>\nSe disponen tambi\u00e9n de enchufes tipo shuko para aquellos que no disponen del mennekes tipo 2 pero la velocidad de carga ser\u00eda lenta.<br \/>\nRecuerda que disponemos de una <a href=\"https:\/\/www.albergue-paradiso.com\/es\/albergue-paradiso-comprometido-con-las-energias-renovables\/\" rel=\"noopener noreferrer\" target=\"_blank\">\u00abSmartflower\u00bb y un aerogenerador<\/a> los cuales nos suplen de una energ\u00eda renovable y limpia.<\/p>\n<div class=\"row\">\n    <div class=\"col-md-6\">\n        <a href=\"https:\/\/www.albergue-paradiso.com\/es\/wp-content\/uploads\/2023\/05\/smartflower_paradiso_cantabria.jpg\" alt=\"smart flower\" data-lightbox=\"carga\"><img decoding=\"async\" src=\"https:\/\/www.albergue-paradiso.com\/es\/wp-content\/uploads\/2023\/05\/smartflower_paradiso_cantabria.jpg\" alt=\"smart flower en albergue paradiso en cantabria\" class=\"img-fluid\"><\/a><\/div>\n    <div class=\"col-md-6\">\n        <a href=\"https:\/\/www.albergue-paradiso.com\/es\/wp-content\/uploads\/2023\/05\/smartflower_aerogenerador_paradiso_cantabria.jpg\" alt=\"autogenerador smart flower\" data-lightbox=\"carga\"><img decoding=\"async\" src=\"https:\/\/www.albergue-paradiso.com\/es\/wp-content\/uploads\/2023\/05\/smartflower_aerogenerador_paradiso_cantabria.jpg\" alt=\"autogenerador smart flower en cantabria\" class=\"img-fluid\"><\/a><\/div>\n<\/div>\n<h2 class=\"text-primary py-3\">Albergue pionero en instalar puntos de carga el\u00e9ctricos<\/h2>\n<p>En el Albergue Paradiso nos caracterizamos por ser innovadores, modernos y tambi\u00e9n ecol\u00f3gicos. Por eso, acabamos de dar un paso m\u00e1s en nuestras convicciones y hemos instalado en el albergue cuatro puntos de carga de veh\u00edculos el\u00e9ctricoa.<br \/>\nSomos el primer albergue privado de Espa\u00f1a en instalar cuatro puntos de carga el\u00e9ctrica para coches, dos de ellos con carga super-r\u00e1pida. Adem\u00e1s, se trata de los primeros puntos de carga de el\u00e9ctricos en todo el municipio de Suances.<br \/>\nEstos puntos disponen de tipo Wallbox con clavija socket tipo 2 32 amp con una potencia de salida por toma de 1,4-22 kw + una clavija Schuko as\u00ed como conector CCS o combo y CHAdeMO para la carga super-r\u00e1pida<br \/>\nEn la <a href=\"https:\/\/map.electromaps.com\/es\/\" rel=\"noopener noreferrer\" target=\"_blank\">p\u00e1gina de electromaps<\/a> puedes encontrar toda la informaci\u00f3n adicional sobre nuestros nuevos puntos de carga. Estos puntos disponen de manguera con enchufes menekkes tipo 2 y son autogesionables a trav\u00e9s de la aplicaci\u00f3n m\u00f3vil de electromaps donde previamente el cliente habr\u00e1 tenido que registrarse (pero puede hacerlo en el momento de la carga y pagar con su tarjeta de cr\u00e9dito los Kw consumidos).<\/p>\n<div class=\"text-center\">\n<a href=\"https:\/\/map.electromaps.com\/es\/\" rel=\"noopener noreferrer\" target=\"_blank\"><img decoding=\"async\" src=\"https:\/\/www.albergue-paradiso.com\/es\/wp-content\/uploads\/2023\/05\/electromaps-hostel-paradiso.jpg\" alt=\"punto de recarga de veh\u00edculos electricos en albergue paradiso en cantabria\" class=\"img-fluid\" ><\/a><\/div>\n<p class=\"py-4\"><strong>Puedes buscar otros puntos de carga en electromaps<\/strong>:<\/p>\n<p><center><iframe scrolling=\"no\" marginheight=\"0\" marginwidth=\"0\" src=\"https:\/\/map.electromaps.com\/es\/\" width=\"600\" height=\"300\" frameborder=\"0\"><\/iframe><\/center><\/p>\n<h2 class=\"py-3\">Beneficios de los coches el\u00e9ctricos<\/h2>\n<p>Los coches el\u00e9ctricos poco a poco van comercializ\u00e1ndose, incluso ya tambi\u00e9n est\u00e1n disponibles en las principales compa\u00f1\u00edas de alquiler de coches. Los coches el\u00e9ctricos son la opci\u00f3n m\u00e1s ecol\u00f3gica en lo que a los autom\u00f3viles se refiere. Estableciendo puntos de carga de este tipo de veh\u00edculos estamos ayudando a impulsar su uso y minimizar las emisiones de CO2.<br \/>\nEs cierto, que la energ\u00eda el\u00e9ctrica tambi\u00e9n cuesta y tambi\u00e9n genera contaminaci\u00f3n, pero en mucha menor medida que la gasolina. No es una alternativa 100% limpia, pero supone una alternativa mucho m\u00e1s respetuosa con el medio ambiente.<br \/>\n<strong>Las principales ventajas de los veh\u00edculos el\u00e9ctricos son<\/strong>:<\/p>\n<ol>\n<li>Cero emisiones<\/li>\n<li>No hay gasto de gasolina, solo de electricidad que tiene un coste m\u00e1s bajo<\/li>\n<li>Menos reparaciones, por lo que su mantenimiento es m\u00e1s econ\u00f3mico<\/li>\n<li>Exento en el impuesto de matriculaci\u00f3n y reducciones de algunas p\u00f3lizas de seguro espec\u00edficas<\/li>\n<li>Puedes seguir circulando cuando hay medidas restrictivas por causas de contaminaci\u00f3n, como se est\u00e1 viendo \u00faltimamente en grandes ciudades como Madrid<\/li>\n<li>Aparcamiento gratuito en la zona SER<\/li>\n<li>Hacen menos ruido<\/li>\n<\/ol>\n<p>Una de las mayores desventajas de los coches el\u00e9ctricos son las pocas instalaciones o puntos de recarga que hay disponibles. Por eso, nosotros ponemos nuestro granito de arena, y animamos a otras empresas y a instituciones a secundar nuestra iniciativa. De este modo, m\u00e1s usuarios se animar\u00e1n a comprar coches el\u00e9ctricos y tambi\u00e9n bajar\u00e1n sus costes de venta. Por otro lado, las empresas fabricantes de coches invertir\u00e1n a\u00fan m\u00e1s en mejorarlos y perfeccionarlos.<br \/>\nDesde el Albergue Paradiso, una vez m\u00e1s, demostramos nuestra implicaci\u00f3n con la sociedad y el medido ambiente,&nbsp;siendo el albergue privado en Espa\u00f1a pionero en poner estas instalaciones a disposici\u00f3n de nuestros clientes.<br \/>\nOtra muestra m\u00e1s que apostamos por la movilidad sostenible son <strong><a href=\"https:\/\/www.albergue-paradiso.com\/es\/e-bike-nuestra-bicicleta-electrica-en-cantabria\/\" rel=\"noopener noreferrer\" target=\"_blank\">nuestras e-bikes o bicicletas el\u00e9ctricas<\/a><\/strong> que te ayudan a pedalear en los momentos de mayor pendiente y que est\u00e1n a disposici\u00f3n de nuestros clientes.<\/p>\n<div class=\"text-center py-3\">\n<img decoding=\"async\" class=\"img-fluid\" src=\"https:\/\/www.albergue-paradiso.com\/es\/wp-content\/uploads\/2017\/12\/punto_electrico_suanzes_paradiso.jpg\" alt=\"albergue paradiso en cantabria con punto de carga de coches electricos\"><\/div>\n<h2 class=\"py-3\">\u00abPistoletazo de salida\u00bb a nuestro punto carga.<\/h2>\n<p>El Alcalde del Ayuntamiento de Suances, D. Andr\u00e9s Ruiz Moya, y la Concejala de Medio Ambiente, D\u00f1a. Bel\u00e9n Mart\u00edn Casta\u00f1o, acudieron el pasado viernes 15 de diciembre de 2017 a visitar e informarse de nuestros puntos de carga para veh\u00edculo el\u00e9ctrico, los primeros de todo el municipio de Suances y nos felicitaron por la iniciativa hecha realidad.<\/p>\n<div class=\"text-center py-3\">\n<img fetchpriority=\"high\" decoding=\"async\" width=\"800\" height=\"600\" src=\"https:\/\/www.albergue-paradiso.com\/es\/wp-content\/uploads\/2017\/12\/puntos-de-recarga-albergue-.jpg\" alt=\"puntos de carga ayuntamiento suances\" class=\"alignnone size-full wp-image-13595\" class=\"img-fluid\" srcset=\"https:\/\/www.albergue-paradiso.com\/es\/wp-content\/uploads\/2017\/12\/puntos-de-recarga-albergue-.jpg 800w, https:\/\/www.albergue-paradiso.com\/es\/wp-content\/uploads\/2017\/12\/puntos-de-recarga-albergue--768x576.jpg 768w\" sizes=\"(max-width: 800px) 100vw, 800px\" \/><\/div>\n<h2 class=\"py-3\">Nuestra aventura a Amsterdam en coche el\u00e9ctrico<\/h2>\n<p>En Diciembre 2018 nos aventuramos en nuestro BMW I3 hacia los Pa\u00edses Bajos.<br \/>\nEn el siguiente enlace toda la informaci\u00f3n a nuestra experiencia: <a href=\"https:\/\/www.albergue-paradiso.com\/es\/puntos-de-carga-coches-electricos\/\" rel=\"noopener noreferrer\" target=\"_blank\">Cantabria-Amsterdam-Cantabria en coche el\u00e9ctrico<\/a>.<br \/>\n&nbsp;<\/p>\n<div style=\"text-align:center;\">\n  <img decoding=\"async\" src=\"https:\/\/www.albergue-paradiso.com\/es\/wp-content\/uploads\/2026\/03\/aparcamiento%20albergue%20paradiso%20vista%20dron.jpg\" \n       alt=\"Aparcamiento Albergue Paradiso vista dron parking\"\n       style=\"max-width:100%; height:auto;\">\n<\/div>\n","protected":false},"excerpt":{"rendered":"<p>TARIFAS: Nuestra gesti\u00f3n de los puntos de carga el\u00e9ctricos Puedes consultar las disponibilidad, los detalles [&hellip;]<\/p>\n","protected":false},"author":4,"featured_media":13571,"comment_status":"open","ping_status":"open","sticky":false,"template":"","format":"standard","meta":{"_joinchat":[],"footnotes":""},"categories":[7],"tags":[60,61,62],"class_list":["post-13567","post","type-post","status-publish","format-standard","has-post-thumbnail","hentry","category-blog","tag-coches-electricos","tag-puntos-de-carga-cantabria","tag-vehiculos-electricos"],"acf":[],"yoast_head":"<!-- This site is optimized with the Yoast SEO plugin v27.4 - https:\/\/yoast.com\/product\/yoast-seo-wordpress\/ -->\n<title>El Albergue Paradiso instala dos puntos de carga de veh\u00edculos el\u00e9ctricos<\/title>\n<meta name=\"description\" content=\"Albergue en Cantabria instala dos puntos de carga para coches el\u00e9ctricos en la localidad de Hinojedo (Suances). Cuenta con un veh\u00edculo de empresa 100% el\u00e9ctrico.\" \/>\n<meta name=\"robots\" content=\"index, follow, max-snippet:-1, max-image-preview:large, max-video-preview:-1\" \/>\n<link rel=\"canonical\" href=\"https:\/\/www.albergue-paradiso.com\/es\/el-albergue-paradiso-instala-dos-puntos-de-carga-de-vehiculos-electricos-en-suances\/\" \/>\n<meta property=\"og:locale\" content=\"es_ES\" \/>\n<meta property=\"og:type\" content=\"article\" \/>\n<meta property=\"og:title\" content=\"El Albergue Paradiso instala dos puntos de carga de veh\u00edculos el\u00e9ctricos\" \/>\n<meta property=\"og:description\" content=\"Albergue en Cantabria instala dos puntos de carga para coches el\u00e9ctricos en la localidad de Hinojedo (Suances). Cuenta con un veh\u00edculo de empresa 100% el\u00e9ctrico.\" \/>\n<meta property=\"og:url\" content=\"https:\/\/www.albergue-paradiso.com\/es\/el-albergue-paradiso-instala-dos-puntos-de-carga-de-vehiculos-electricos-en-suances\/\" \/>\n<meta property=\"og:site_name\" content=\"Albergues en Cantabria | Hostel albergue Paradiso en Cantabria\" \/>\n<meta property=\"article:published_time\" content=\"2017-12-15T20:48:05+00:00\" \/>\n<meta property=\"article:modified_time\" content=\"2026-03-03T08:25:31+00:00\" \/>\n<meta property=\"og:image\" content=\"https:\/\/www.albergue-paradiso.com\/es\/wp-content\/uploads\/2017\/12\/punto-carga-paradiso-con-coche-electrico.jpg\" \/>\n\t<meta property=\"og:image:width\" content=\"700\" \/>\n\t<meta property=\"og:image:height\" content=\"525\" \/>\n\t<meta property=\"og:image:type\" content=\"image\/jpeg\" \/>\n<meta name=\"author\" content=\"inma\" \/>\n<meta name=\"twitter:card\" content=\"summary_large_image\" \/>\n<meta name=\"twitter:label1\" content=\"Escrito por\" \/>\n\t<meta name=\"twitter:data1\" content=\"inma\" \/>\n\t<meta name=\"twitter:label2\" content=\"Tiempo de lectura\" \/>\n\t<meta name=\"twitter:data2\" content=\"6 minutos\" \/>\n<script type=\"application\/ld+json\" class=\"yoast-schema-graph\">{\"@context\":\"https:\\\/\\\/schema.org\",\"@graph\":[{\"@type\":\"Article\",\"@id\":\"https:\\\/\\\/www.albergue-paradiso.com\\\/es\\\/el-albergue-paradiso-instala-dos-puntos-de-carga-de-vehiculos-electricos-en-suances\\\/#article\",\"isPartOf\":{\"@id\":\"https:\\\/\\\/www.albergue-paradiso.com\\\/es\\\/el-albergue-paradiso-instala-dos-puntos-de-carga-de-vehiculos-electricos-en-suances\\\/\"},\"author\":{\"name\":\"inma\",\"@id\":\"https:\\\/\\\/www.albergue-paradiso.com\\\/es\\\/#\\\/schema\\\/person\\\/bc2ca8f6d6c9617304cf422e9f3b18db\"},\"headline\":\"El Albergue Paradiso instala puntos de carga de veh\u00edculos el\u00e9ctricos en Suances\",\"datePublished\":\"2017-12-15T20:48:05+00:00\",\"dateModified\":\"2026-03-03T08:25:31+00:00\",\"mainEntityOfPage\":{\"@id\":\"https:\\\/\\\/www.albergue-paradiso.com\\\/es\\\/el-albergue-paradiso-instala-dos-puntos-de-carga-de-vehiculos-electricos-en-suances\\\/\"},\"wordCount\":929,\"commentCount\":0,\"image\":{\"@id\":\"https:\\\/\\\/www.albergue-paradiso.com\\\/es\\\/el-albergue-paradiso-instala-dos-puntos-de-carga-de-vehiculos-electricos-en-suances\\\/#primaryimage\"},\"thumbnailUrl\":\"https:\\\/\\\/www.albergue-paradiso.com\\\/es\\\/wp-content\\\/uploads\\\/2017\\\/12\\\/punto-carga-paradiso-con-coche-electrico.jpg\",\"keywords\":[\"coches electricos\",\"puntos de carga cantabria\",\"vehiculos electricos\"],\"articleSection\":[\"Blog\"],\"inLanguage\":\"es\",\"potentialAction\":[{\"@type\":\"CommentAction\",\"name\":\"Comment\",\"target\":[\"https:\\\/\\\/www.albergue-paradiso.com\\\/es\\\/el-albergue-paradiso-instala-dos-puntos-de-carga-de-vehiculos-electricos-en-suances\\\/#respond\"]}]},{\"@type\":\"WebPage\",\"@id\":\"https:\\\/\\\/www.albergue-paradiso.com\\\/es\\\/el-albergue-paradiso-instala-dos-puntos-de-carga-de-vehiculos-electricos-en-suances\\\/\",\"url\":\"https:\\\/\\\/www.albergue-paradiso.com\\\/es\\\/el-albergue-paradiso-instala-dos-puntos-de-carga-de-vehiculos-electricos-en-suances\\\/\",\"name\":\"El Albergue Paradiso instala dos puntos de carga de veh\u00edculos el\u00e9ctricos\",\"isPartOf\":{\"@id\":\"https:\\\/\\\/www.albergue-paradiso.com\\\/es\\\/#website\"},\"primaryImageOfPage\":{\"@id\":\"https:\\\/\\\/www.albergue-paradiso.com\\\/es\\\/el-albergue-paradiso-instala-dos-puntos-de-carga-de-vehiculos-electricos-en-suances\\\/#primaryimage\"},\"image\":{\"@id\":\"https:\\\/\\\/www.albergue-paradiso.com\\\/es\\\/el-albergue-paradiso-instala-dos-puntos-de-carga-de-vehiculos-electricos-en-suances\\\/#primaryimage\"},\"thumbnailUrl\":\"https:\\\/\\\/www.albergue-paradiso.com\\\/es\\\/wp-content\\\/uploads\\\/2017\\\/12\\\/punto-carga-paradiso-con-coche-electrico.jpg\",\"datePublished\":\"2017-12-15T20:48:05+00:00\",\"dateModified\":\"2026-03-03T08:25:31+00:00\",\"author\":{\"@id\":\"https:\\\/\\\/www.albergue-paradiso.com\\\/es\\\/#\\\/schema\\\/person\\\/bc2ca8f6d6c9617304cf422e9f3b18db\"},\"description\":\"Albergue en Cantabria instala dos puntos de carga para coches el\u00e9ctricos en la localidad de Hinojedo (Suances). Cuenta con un veh\u00edculo de empresa 100% el\u00e9ctrico.\",\"breadcrumb\":{\"@id\":\"https:\\\/\\\/www.albergue-paradiso.com\\\/es\\\/el-albergue-paradiso-instala-dos-puntos-de-carga-de-vehiculos-electricos-en-suances\\\/#breadcrumb\"},\"inLanguage\":\"es\",\"potentialAction\":[{\"@type\":\"ReadAction\",\"target\":[\"https:\\\/\\\/www.albergue-paradiso.com\\\/es\\\/el-albergue-paradiso-instala-dos-puntos-de-carga-de-vehiculos-electricos-en-suances\\\/\"]}]},{\"@type\":\"ImageObject\",\"inLanguage\":\"es\",\"@id\":\"https:\\\/\\\/www.albergue-paradiso.com\\\/es\\\/el-albergue-paradiso-instala-dos-puntos-de-carga-de-vehiculos-electricos-en-suances\\\/#primaryimage\",\"url\":\"https:\\\/\\\/www.albergue-paradiso.com\\\/es\\\/wp-content\\\/uploads\\\/2017\\\/12\\\/punto-carga-paradiso-con-coche-electrico.jpg\",\"contentUrl\":\"https:\\\/\\\/www.albergue-paradiso.com\\\/es\\\/wp-content\\\/uploads\\\/2017\\\/12\\\/punto-carga-paradiso-con-coche-electrico.jpg\",\"width\":700,\"height\":525,\"caption\":\"albergue paradiso instala dos puntos de carga para veh\u00edculos electricos en suances\"},{\"@type\":\"BreadcrumbList\",\"@id\":\"https:\\\/\\\/www.albergue-paradiso.com\\\/es\\\/el-albergue-paradiso-instala-dos-puntos-de-carga-de-vehiculos-electricos-en-suances\\\/#breadcrumb\",\"itemListElement\":[{\"@type\":\"ListItem\",\"position\":1,\"name\":\"Portada\",\"item\":\"https:\\\/\\\/www.albergue-paradiso.com\\\/es\\\/\"},{\"@type\":\"ListItem\",\"position\":2,\"name\":\"El Albergue Paradiso instala puntos de carga de veh\u00edculos el\u00e9ctricos en Suances\"}]},{\"@type\":\"WebSite\",\"@id\":\"https:\\\/\\\/www.albergue-paradiso.com\\\/es\\\/#website\",\"url\":\"https:\\\/\\\/www.albergue-paradiso.com\\\/es\\\/\",\"name\":\"Albergues en Cantabria | Hostel albergue Paradiso en Cantabria\",\"description\":\"\",\"potentialAction\":[{\"@type\":\"SearchAction\",\"target\":{\"@type\":\"EntryPoint\",\"urlTemplate\":\"https:\\\/\\\/www.albergue-paradiso.com\\\/es\\\/?s={search_term_string}\"},\"query-input\":{\"@type\":\"PropertyValueSpecification\",\"valueRequired\":true,\"valueName\":\"search_term_string\"}}],\"inLanguage\":\"es\"},{\"@type\":\"Person\",\"@id\":\"https:\\\/\\\/www.albergue-paradiso.com\\\/es\\\/#\\\/schema\\\/person\\\/bc2ca8f6d6c9617304cf422e9f3b18db\",\"name\":\"inma\",\"image\":{\"@type\":\"ImageObject\",\"inLanguage\":\"es\",\"@id\":\"https:\\\/\\\/secure.gravatar.com\\\/avatar\\\/6fd5702d2e22bc40209a5ce49a96ad717cbb53c2238f27c7e46b013213af8ce2?s=96&d=mm&r=g\",\"url\":\"https:\\\/\\\/secure.gravatar.com\\\/avatar\\\/6fd5702d2e22bc40209a5ce49a96ad717cbb53c2238f27c7e46b013213af8ce2?s=96&d=mm&r=g\",\"contentUrl\":\"https:\\\/\\\/secure.gravatar.com\\\/avatar\\\/6fd5702d2e22bc40209a5ce49a96ad717cbb53c2238f27c7e46b013213af8ce2?s=96&d=mm&r=g\",\"caption\":\"inma\"}}]}<\/script>\n<!-- \/ Yoast SEO plugin. -->","yoast_head_json":{"title":"El Albergue Paradiso instala dos puntos de carga de veh\u00edculos el\u00e9ctricos","description":"Albergue en Cantabria instala dos puntos de carga para coches el\u00e9ctricos en la localidad de Hinojedo (Suances). Cuenta con un veh\u00edculo de empresa 100% el\u00e9ctrico.","robots":{"index":"index","follow":"follow","max-snippet":"max-snippet:-1","max-image-preview":"max-image-preview:large","max-video-preview":"max-video-preview:-1"},"canonical":"https:\/\/www.albergue-paradiso.com\/es\/el-albergue-paradiso-instala-dos-puntos-de-carga-de-vehiculos-electricos-en-suances\/","og_locale":"es_ES","og_type":"article","og_title":"El Albergue Paradiso instala dos puntos de carga de veh\u00edculos el\u00e9ctricos","og_description":"Albergue en Cantabria instala dos puntos de carga para coches el\u00e9ctricos en la localidad de Hinojedo (Suances). Cuenta con un veh\u00edculo de empresa 100% el\u00e9ctrico.","og_url":"https:\/\/www.albergue-paradiso.com\/es\/el-albergue-paradiso-instala-dos-puntos-de-carga-de-vehiculos-electricos-en-suances\/","og_site_name":"Albergues en Cantabria | Hostel albergue Paradiso en Cantabria","article_published_time":"2017-12-15T20:48:05+00:00","article_modified_time":"2026-03-03T08:25:31+00:00","og_image":[{"width":700,"height":525,"url":"https:\/\/www.albergue-paradiso.com\/es\/wp-content\/uploads\/2017\/12\/punto-carga-paradiso-con-coche-electrico.jpg","type":"image\/jpeg"}],"author":"inma","twitter_card":"summary_large_image","twitter_misc":{"Escrito por":"inma","Tiempo de lectura":"6 minutos"},"schema":{"@context":"https:\/\/schema.org","@graph":[{"@type":"Article","@id":"https:\/\/www.albergue-paradiso.com\/es\/el-albergue-paradiso-instala-dos-puntos-de-carga-de-vehiculos-electricos-en-suances\/#article","isPartOf":{"@id":"https:\/\/www.albergue-paradiso.com\/es\/el-albergue-paradiso-instala-dos-puntos-de-carga-de-vehiculos-electricos-en-suances\/"},"author":{"name":"inma","@id":"https:\/\/www.albergue-paradiso.com\/es\/#\/schema\/person\/bc2ca8f6d6c9617304cf422e9f3b18db"},"headline":"El Albergue Paradiso instala puntos de carga de veh\u00edculos el\u00e9ctricos en Suances","datePublished":"2017-12-15T20:48:05+00:00","dateModified":"2026-03-03T08:25:31+00:00","mainEntityOfPage":{"@id":"https:\/\/www.albergue-paradiso.com\/es\/el-albergue-paradiso-instala-dos-puntos-de-carga-de-vehiculos-electricos-en-suances\/"},"wordCount":929,"commentCount":0,"image":{"@id":"https:\/\/www.albergue-paradiso.com\/es\/el-albergue-paradiso-instala-dos-puntos-de-carga-de-vehiculos-electricos-en-suances\/#primaryimage"},"thumbnailUrl":"https:\/\/www.albergue-paradiso.com\/es\/wp-content\/uploads\/2017\/12\/punto-carga-paradiso-con-coche-electrico.jpg","keywords":["coches electricos","puntos de carga cantabria","vehiculos electricos"],"articleSection":["Blog"],"inLanguage":"es","potentialAction":[{"@type":"CommentAction","name":"Comment","target":["https:\/\/www.albergue-paradiso.com\/es\/el-albergue-paradiso-instala-dos-puntos-de-carga-de-vehiculos-electricos-en-suances\/#respond"]}]},{"@type":"WebPage","@id":"https:\/\/www.albergue-paradiso.com\/es\/el-albergue-paradiso-instala-dos-puntos-de-carga-de-vehiculos-electricos-en-suances\/","url":"https:\/\/www.albergue-paradiso.com\/es\/el-albergue-paradiso-instala-dos-puntos-de-carga-de-vehiculos-electricos-en-suances\/","name":"El Albergue Paradiso instala dos puntos de carga de veh\u00edculos el\u00e9ctricos","isPartOf":{"@id":"https:\/\/www.albergue-paradiso.com\/es\/#website"},"primaryImageOfPage":{"@id":"https:\/\/www.albergue-paradiso.com\/es\/el-albergue-paradiso-instala-dos-puntos-de-carga-de-vehiculos-electricos-en-suances\/#primaryimage"},"image":{"@id":"https:\/\/www.albergue-paradiso.com\/es\/el-albergue-paradiso-instala-dos-puntos-de-carga-de-vehiculos-electricos-en-suances\/#primaryimage"},"thumbnailUrl":"https:\/\/www.albergue-paradiso.com\/es\/wp-content\/uploads\/2017\/12\/punto-carga-paradiso-con-coche-electrico.jpg","datePublished":"2017-12-15T20:48:05+00:00","dateModified":"2026-03-03T08:25:31+00:00","author":{"@id":"https:\/\/www.albergue-paradiso.com\/es\/#\/schema\/person\/bc2ca8f6d6c9617304cf422e9f3b18db"},"description":"Albergue en Cantabria instala dos puntos de carga para coches el\u00e9ctricos en la localidad de Hinojedo (Suances). Cuenta con un veh\u00edculo de empresa 100% el\u00e9ctrico.","breadcrumb":{"@id":"https:\/\/www.albergue-paradiso.com\/es\/el-albergue-paradiso-instala-dos-puntos-de-carga-de-vehiculos-electricos-en-suances\/#breadcrumb"},"inLanguage":"es","potentialAction":[{"@type":"ReadAction","target":["https:\/\/www.albergue-paradiso.com\/es\/el-albergue-paradiso-instala-dos-puntos-de-carga-de-vehiculos-electricos-en-suances\/"]}]},{"@type":"ImageObject","inLanguage":"es","@id":"https:\/\/www.albergue-paradiso.com\/es\/el-albergue-paradiso-instala-dos-puntos-de-carga-de-vehiculos-electricos-en-suances\/#primaryimage","url":"https:\/\/www.albergue-paradiso.com\/es\/wp-content\/uploads\/2017\/12\/punto-carga-paradiso-con-coche-electrico.jpg","contentUrl":"https:\/\/www.albergue-paradiso.com\/es\/wp-content\/uploads\/2017\/12\/punto-carga-paradiso-con-coche-electrico.jpg","width":700,"height":525,"caption":"albergue paradiso instala dos puntos de carga para veh\u00edculos electricos en suances"},{"@type":"BreadcrumbList","@id":"https:\/\/www.albergue-paradiso.com\/es\/el-albergue-paradiso-instala-dos-puntos-de-carga-de-vehiculos-electricos-en-suances\/#breadcrumb","itemListElement":[{"@type":"ListItem","position":1,"name":"Portada","item":"https:\/\/www.albergue-paradiso.com\/es\/"},{"@type":"ListItem","position":2,"name":"El Albergue Paradiso instala puntos de carga de veh\u00edculos el\u00e9ctricos en Suances"}]},{"@type":"WebSite","@id":"https:\/\/www.albergue-paradiso.com\/es\/#website","url":"https:\/\/www.albergue-paradiso.com\/es\/","name":"Albergues en Cantabria | Hostel albergue Paradiso en Cantabria","description":"","potentialAction":[{"@type":"SearchAction","target":{"@type":"EntryPoint","urlTemplate":"https:\/\/www.albergue-paradiso.com\/es\/?s={search_term_string}"},"query-input":{"@type":"PropertyValueSpecification","valueRequired":true,"valueName":"search_term_string"}}],"inLanguage":"es"},{"@type":"Person","@id":"https:\/\/www.albergue-paradiso.com\/es\/#\/schema\/person\/bc2ca8f6d6c9617304cf422e9f3b18db","name":"inma","image":{"@type":"ImageObject","inLanguage":"es","@id":"https:\/\/secure.gravatar.com\/avatar\/6fd5702d2e22bc40209a5ce49a96ad717cbb53c2238f27c7e46b013213af8ce2?s=96&d=mm&r=g","url":"https:\/\/secure.gravatar.com\/avatar\/6fd5702d2e22bc40209a5ce49a96ad717cbb53c2238f27c7e46b013213af8ce2?s=96&d=mm&r=g","contentUrl":"https:\/\/secure.gravatar.com\/avatar\/6fd5702d2e22bc40209a5ce49a96ad717cbb53c2238f27c7e46b013213af8ce2?s=96&d=mm&r=g","caption":"inma"}}]}},"_links":{"self":[{"href":"https:\/\/www.albergue-paradiso.com\/es\/wp-json\/wp\/v2\/posts\/13567","targetHints":{"allow":["GET"]}}],"collection":[{"href":"https:\/\/www.albergue-paradiso.com\/es\/wp-json\/wp\/v2\/posts"}],"about":[{"href":"https:\/\/www.albergue-paradiso.com\/es\/wp-json\/wp\/v2\/types\/post"}],"author":[{"embeddable":true,"href":"https:\/\/www.albergue-paradiso.com\/es\/wp-json\/wp\/v2\/users\/4"}],"replies":[{"embeddable":true,"href":"https:\/\/www.albergue-paradiso.com\/es\/wp-json\/wp\/v2\/comments?post=13567"}],"version-history":[{"count":10,"href":"https:\/\/www.albergue-paradiso.com\/es\/wp-json\/wp\/v2\/posts\/13567\/revisions"}],"predecessor-version":[{"id":32601,"href":"https:\/\/www.albergue-paradiso.com\/es\/wp-json\/wp\/v2\/posts\/13567\/revisions\/32601"}],"wp:featuredmedia":[{"embeddable":true,"href":"https:\/\/www.albergue-paradiso.com\/es\/wp-json\/wp\/v2\/media\/13571"}],"wp:attachment":[{"href":"https:\/\/www.albergue-paradiso.com\/es\/wp-json\/wp\/v2\/media?parent=13567"}],"wp:term":[{"taxonomy":"category","embeddable":true,"href":"https:\/\/www.albergue-paradiso.com\/es\/wp-json\/wp\/v2\/categories?post=13567"},{"taxonomy":"post_tag","embeddable":true,"href":"https:\/\/www.albergue-paradiso.com\/es\/wp-json\/wp\/v2\/tags?post=13567"}],"curies":[{"name":"wp","href":"https:\/\/api.w.org\/{rel}","templated":true}]}}